{"id":83883,"date":"2024-11-24T13:51:12","date_gmt":"2024-11-24T16:51:12","guid":{"rendered":"https:\/\/www.pagbrasil.com\/?p=83883"},"modified":"2025-01-24T13:52:08","modified_gmt":"2025-01-24T16:52:08","slug":"para-empreender-voce-precisa-acreditar-que-vai-dar-certo-e-se-dedicar-ao-maximo-para-que-isso-aconteca","status":"publish","type":"post","link":"https:\/\/www.pagbrasil.com\/pt-br\/blog\/opiniao-do-especialista\/para-empreender-voce-precisa-acreditar-que-vai-dar-certo-e-se-dedicar-ao-maximo-para-que-isso-aconteca\/","title":{"rendered":"Para empreender, voc\u00ea precisa acreditar que vai dar certo &#8211; e se dedicar ao m\u00e1ximo para que isso aconte\u00e7a"},"content":{"rendered":"<p>Empreender \u00e9 viver com desafios, frustra\u00e7\u00f5es e incertezas. Requer muita dedica\u00e7\u00e3o, trabalho e tempo. Requer arriscar. \u00c9 saber que os maiores problemas acabam na sua mesa e voc\u00ea tem que estar disposto a colocar toda a sua energia em resolv\u00ea-los.<\/p>\n<p>Podem ter diferentes caminhos para o sucesso, mas tem que ter perseveran\u00e7a e const\u00e2ncia nas a\u00e7\u00f5es. Contar com um caminho estrat\u00e9gico e conhecer o seu prop\u00f3sito \u00e9 extremamente importante para que a ideia saia do papel.<\/p>\n<p>Neste m\u00eas de outubro, a PagBrasil faz 14 anos e eu e o meu s\u00f3cio Alex Hoffmann enfrentamos muitos desafios na jornada. Nos primeiros anos da companhia, houve momentos que a gente n\u00e3o sabia se iria conseguir superar as adversidades. Por conta da diferen\u00e7a do fuso hor\u00e1rio &#8211; naquela \u00e9poca, Alex em Porto Alegre e eu na Espanha -, a gente trabalhava 24 horas por dia, sete dias por semana.<\/p>\n<p>No mundo da tecnologia, muitas empresas buscam investidores para crescer r\u00e1pido e n\u00f3s escolhemos um caminho diferente: decidimos n\u00e3o pegar capital de risco e financiar a empresa com recursos pr\u00f3prios. Sendo assim, fomos obrigados, desde o in\u00edcio, a ser rent\u00e1veis. E como ganhar dinheiro em um mercado competitivo? Agregando valor para o cliente por meio da inova\u00e7\u00e3o.<\/p>\n<p>Quando voc\u00ea cria algo do zero, muita gente te fala que n\u00e3o vai dar certo e \u00e9 nesse momento que voc\u00ea precisa confiar em voc\u00ea. Para inovar, \u00e9 necess\u00e1rio voc\u00ea se autoconvencer e convencer todo o seu time de que o produto e a tecnologia s\u00e3o vend\u00edveis.<\/p>\n<p>Na PagBrasil, quando a gente cria algo, \u00e9 sempre de forma muito simples: alguns processos s\u00e3o manuais e testamos at\u00e9 perceber que tem tra\u00e7\u00e3o. S\u00f3 a partir da\u00ed \u00e9 que a gente come\u00e7a a investir mais, automatizar e adaptar \u00e0s necessidades do mercado.<\/p>\n<p>Com o PixInternacional, por exemplo, eu e Alex viajamos para diversos pa\u00edses, afinal, se a gente queria liderar esse navio, precis\u00e1vamos entender como o mercado l\u00e1 fora funcionava e quais eram as necessidades reais dos nossos potenciais parceiros e usu\u00e1rios.<\/p>\n<p>N\u00f3s n\u00e3o gostamos problemas f\u00e1ceis. Gostamos de resolver problemas dif\u00edceis, quase imposs\u00edveis, e assim a gente agrega valor para os nossos clientes e melhora a vida das pessoas. Essa \u00e9 a nossa miss\u00e3o e \u00e9 isso que nos motiva.<\/p>\n<p>Empreender \u00e9 sair da zona de conforto e explorar um territ\u00f3rio desconhecido em busca de novas oportunidades. Acredite que vai dar certo e se dedique ao m\u00e1ximo para que isso aconte\u00e7a.<\/p>\n","protected":false},"excerpt":{"rendered":"<p>Empreender \u00e9 viver com desafios, frustra\u00e7\u00f5es e incertezas. Requer muita dedica\u00e7\u00e3o, trabalho e tempo. Requer arriscar. \u00c9 saber que os [&#8230;]<\/p>\n","protected":false},"author":7,"featured_media":0,"comment_status":"open","ping_status":"open","sticky":false,"template":"","format":"standard","meta":{"_acf_changed":false,"footnotes":""},"categories":[177],"tags":[],"class_list":["post-83883","post","type-post","status-publish","format-standard","hentry","category-opiniao-do-especialista"],"acf":[],"yoast_head":"<!-- This site is optimized with the Yoast SEO plugin v25.7 - https:\/\/yoast.com\/wordpress\/plugins\/seo\/ -->\n<title>Para empreender, voc\u00ea precisa acreditar que vai dar certo &#8211; e se dedicar ao m\u00e1ximo para que isso aconte\u00e7a | PagBrasil<\/title>\n<meta name=\"robots\" content=\"index, follow, max-snippet:-1, max-image-preview:large, max-video-preview:-1\" \/>\n<link rel=\"canonical\" href=\"https:\/\/www.pagbrasil.com\/pt-br\/blog\/opiniao-do-especialista\/para-empreender-voce-precisa-acreditar-que-vai-dar-certo-e-se-dedicar-ao-maximo-para-que-isso-aconteca\/\" \/>\n<meta property=\"og:locale\" content=\"pt_BR\" \/>\n<meta property=\"og:type\" content=\"article\" \/>\n<meta property=\"og:title\" content=\"Para empreender, voc\u00ea precisa acreditar que vai dar certo - e se dedicar ao m\u00e1ximo para que isso aconte\u00e7a | PagBrasil\" \/>\n<meta property=\"og:description\" content=\"Empreender \u00e9 viver com desafios, frustra\u00e7\u00f5es e incertezas. Requer muita dedica\u00e7\u00e3o, trabalho e tempo. Requer arriscar. \u00c9 saber que os [...]\" \/>\n<meta property=\"og:url\" content=\"https:\/\/www.pagbrasil.com\/pt-br\/blog\/opiniao-do-especialista\/para-empreender-voce-precisa-acreditar-que-vai-dar-certo-e-se-dedicar-ao-maximo-para-que-isso-aconteca\/\" \/>\n<meta property=\"og:site_name\" content=\"PagBrasil\" \/>\n<meta property=\"article:publisher\" content=\"https:\/\/www.facebook.com\/pagbrasilpagamentos\" \/>\n<meta property=\"article:published_time\" content=\"2024-11-24T16:51:12+00:00\" \/>\n<meta property=\"article:modified_time\" content=\"2025-01-24T16:52:08+00:00\" \/>\n<meta name=\"author\" content=\"Ralf\" \/>\n<meta name=\"twitter:card\" content=\"summary_large_image\" \/>\n<meta name=\"twitter:label1\" content=\"Escrito por\" \/>\n\t<meta name=\"twitter:data1\" content=\"Ralf\" \/>\n\t<meta name=\"twitter:label2\" content=\"Est. tempo de leitura\" \/>\n\t<meta name=\"twitter:data2\" content=\"2 minutos\" \/>\n<script type=\"application\/ld+json\" class=\"yoast-schema-graph\">{\"@context\":\"https:\/\/schema.org\",\"@graph\":[{\"@type\":\"Article\",\"@id\":\"https:\/\/www.pagbrasil.com\/pt-br\/blog\/opiniao-do-especialista\/para-empreender-voce-precisa-acreditar-que-vai-dar-certo-e-se-dedicar-ao-maximo-para-que-isso-aconteca\/#article\",\"isPartOf\":{\"@id\":\"https:\/\/www.pagbrasil.com\/pt-br\/blog\/opiniao-do-especialista\/para-empreender-voce-precisa-acreditar-que-vai-dar-certo-e-se-dedicar-ao-maximo-para-que-isso-aconteca\/\"},\"author\":{\"name\":\"Ralf\",\"@id\":\"https:\/\/www.pagbrasil.com\/pt-br\/#\/schema\/person\/a06a4aedb8df8903de9dafe5c3266901\"},\"headline\":\"Para empreender, voc\u00ea precisa acreditar que vai dar certo &#8211; e se dedicar ao m\u00e1ximo para que isso aconte\u00e7a\",\"datePublished\":\"2024-11-24T16:51:12+00:00\",\"dateModified\":\"2025-01-24T16:52:08+00:00\",\"mainEntityOfPage\":{\"@id\":\"https:\/\/www.pagbrasil.com\/pt-br\/blog\/opiniao-do-especialista\/para-empreender-voce-precisa-acreditar-que-vai-dar-certo-e-se-dedicar-ao-maximo-para-que-isso-aconteca\/\"},\"wordCount\":451,\"commentCount\":0,\"publisher\":{\"@id\":\"https:\/\/www.pagbrasil.com\/pt-br\/#organization\"},\"articleSection\":[\"Opini\u00e3o do Especialista\"],\"inLanguage\":\"pt-BR\",\"potentialAction\":[{\"@type\":\"CommentAction\",\"name\":\"Comment\",\"target\":[\"https:\/\/www.pagbrasil.com\/pt-br\/blog\/opiniao-do-especialista\/para-empreender-voce-precisa-acreditar-que-vai-dar-certo-e-se-dedicar-ao-maximo-para-que-isso-aconteca\/#respond\"]}]},{\"@type\":\"WebPage\",\"@id\":\"https:\/\/www.pagbrasil.com\/pt-br\/blog\/opiniao-do-especialista\/para-empreender-voce-precisa-acreditar-que-vai-dar-certo-e-se-dedicar-ao-maximo-para-que-isso-aconteca\/\",\"url\":\"https:\/\/www.pagbrasil.com\/pt-br\/blog\/opiniao-do-especialista\/para-empreender-voce-precisa-acreditar-que-vai-dar-certo-e-se-dedicar-ao-maximo-para-que-isso-aconteca\/\",\"name\":\"Para empreender, voc\u00ea precisa acreditar que vai dar certo - e se dedicar ao m\u00e1ximo para que isso aconte\u00e7a | PagBrasil\",\"isPartOf\":{\"@id\":\"https:\/\/www.pagbrasil.com\/pt-br\/#website\"},\"datePublished\":\"2024-11-24T16:51:12+00:00\",\"dateModified\":\"2025-01-24T16:52:08+00:00\",\"breadcrumb\":{\"@id\":\"https:\/\/www.pagbrasil.com\/pt-br\/blog\/opiniao-do-especialista\/para-empreender-voce-precisa-acreditar-que-vai-dar-certo-e-se-dedicar-ao-maximo-para-que-isso-aconteca\/#breadcrumb\"},\"inLanguage\":\"pt-BR\",\"potentialAction\":[{\"@type\":\"ReadAction\",\"target\":[\"https:\/\/www.pagbrasil.com\/pt-br\/blog\/opiniao-do-especialista\/para-empreender-voce-precisa-acreditar-que-vai-dar-certo-e-se-dedicar-ao-maximo-para-que-isso-aconteca\/\"]}]},{\"@type\":\"BreadcrumbList\",\"@id\":\"https:\/\/www.pagbrasil.com\/pt-br\/blog\/opiniao-do-especialista\/para-empreender-voce-precisa-acreditar-que-vai-dar-certo-e-se-dedicar-ao-maximo-para-que-isso-aconteca\/#breadcrumb\",\"itemListElement\":[{\"@type\":\"ListItem\",\"position\":1,\"name\":\"Home\",\"item\":\"https:\/\/www.pagbrasil.com\/pt-br\/\"},{\"@type\":\"ListItem\",\"position\":2,\"name\":\"Opini\u00e3o do Especialista\",\"item\":\"https:\/\/www.pagbrasil.com\/pt-br\/blog\/opiniao-do-especialista\/\"},{\"@type\":\"ListItem\",\"position\":3,\"name\":\"Para empreender, voc\u00ea precisa acreditar que vai dar certo &#8211; e se dedicar ao m\u00e1ximo para que isso aconte\u00e7a\"}]},{\"@type\":\"WebSite\",\"@id\":\"https:\/\/www.pagbrasil.com\/pt-br\/#website\",\"url\":\"https:\/\/www.pagbrasil.com\/pt-br\/\",\"name\":\"PagBrasil\",\"description\":\"Processe seus pagamentos com PagBrasil, servi\u00e7o de pagamento online de excel\u00eancia para o Brasil, desenvolvido para empresas internacionais.\",\"publisher\":{\"@id\":\"https:\/\/www.pagbrasil.com\/pt-br\/#organization\"},\"potentialAction\":[{\"@type\":\"SearchAction\",\"target\":{\"@type\":\"EntryPoint\",\"urlTemplate\":\"https:\/\/www.pagbrasil.com\/pt-br\/?s={search_term_string}\"},\"query-input\":{\"@type\":\"PropertyValueSpecification\",\"valueRequired\":true,\"valueName\":\"search_term_string\"}}],\"inLanguage\":\"pt-BR\"},{\"@type\":\"Organization\",\"@id\":\"https:\/\/www.pagbrasil.com\/pt-br\/#organization\",\"name\":\"PagBrasil\",\"url\":\"https:\/\/www.pagbrasil.com\/pt-br\/\",\"logo\":{\"@type\":\"ImageObject\",\"inLanguage\":\"pt-BR\",\"@id\":\"https:\/\/www.pagbrasil.com\/pt-br\/#\/schema\/logo\/image\/\",\"url\":\"https:\/\/www.pagbrasil.com\/wp-content\/uploads\/2023\/03\/logo-PB-2.svg\",\"contentUrl\":\"https:\/\/www.pagbrasil.com\/wp-content\/uploads\/2023\/03\/logo-PB-2.svg\",\"width\":265,\"height\":64,\"caption\":\"PagBrasil\"},\"image\":{\"@id\":\"https:\/\/www.pagbrasil.com\/pt-br\/#\/schema\/logo\/image\/\"},\"sameAs\":[\"https:\/\/www.facebook.com\/pagbrasilpagamentos\",\"https:\/\/www.linkedin.com\/company\/pagbrasil-pagamentos-eletronicos-ltda\/\"]},{\"@type\":\"Person\",\"@id\":\"https:\/\/www.pagbrasil.com\/pt-br\/#\/schema\/person\/a06a4aedb8df8903de9dafe5c3266901\",\"name\":\"Ralf\",\"image\":{\"@type\":\"ImageObject\",\"inLanguage\":\"pt-BR\",\"@id\":\"https:\/\/www.pagbrasil.com\/pt-br\/#\/schema\/person\/image\/\",\"url\":\"https:\/\/secure.gravatar.com\/avatar\/3e69a353e09c21d77e980c3350a0a7da2e8f7876316ee09fafd063886e8d6f02?s=96&d=mm&r=g\",\"contentUrl\":\"https:\/\/secure.gravatar.com\/avatar\/3e69a353e09c21d77e980c3350a0a7da2e8f7876316ee09fafd063886e8d6f02?s=96&d=mm&r=g\",\"caption\":\"Ralf\"},\"description\":\"A graduate in Business Administration and Engineering from Heilbronn University of Applied Sciences in Germany, Ralf Germer is the CEO and Co-founder of PagBrasil, a technology company that processes digital payments for merchants worldwide. Germer has extensive experience in business administration, international business development, marketing, and online sales, and is a reference in digital payment processing in Brazil. Before PagBrasil, the entrepreneur was Vice President of Product Marketing for Europe at Actebis Holding GmbH, and later founded 4M Iberoam\u00e9rica.\",\"sameAs\":[\"https:\/\/www.linkedin.com\/in\/rgermer\/\",\"https:\/\/www.youtube.com\/@PagBrasil\"],\"url\":\"https:\/\/www.pagbrasil.com\/pt-br\/blog\/author\/ralf-germer\/\"}]}<\/script>\n<!-- \/ Yoast SEO plugin. -->","yoast_head_json":{"title":"Para empreender, voc\u00ea precisa acreditar que vai dar certo &#8211; e se dedicar ao m\u00e1ximo para que isso aconte\u00e7a | PagBrasil","robots":{"index":"index","follow":"follow","max-snippet":"max-snippet:-1","max-image-preview":"max-image-preview:large","max-video-preview":"max-video-preview:-1"},"canonical":"https:\/\/www.pagbrasil.com\/pt-br\/blog\/opiniao-do-especialista\/para-empreender-voce-precisa-acreditar-que-vai-dar-certo-e-se-dedicar-ao-maximo-para-que-isso-aconteca\/","og_locale":"pt_BR","og_type":"article","og_title":"Para empreender, voc\u00ea precisa acreditar que vai dar certo - e se dedicar ao m\u00e1ximo para que isso aconte\u00e7a | PagBrasil","og_description":"Empreender \u00e9 viver com desafios, frustra\u00e7\u00f5es e incertezas. Requer muita dedica\u00e7\u00e3o, trabalho e tempo. Requer arriscar. \u00c9 saber que os [...]","og_url":"https:\/\/www.pagbrasil.com\/pt-br\/blog\/opiniao-do-especialista\/para-empreender-voce-precisa-acreditar-que-vai-dar-certo-e-se-dedicar-ao-maximo-para-que-isso-aconteca\/","og_site_name":"PagBrasil","article_publisher":"https:\/\/www.facebook.com\/pagbrasilpagamentos","article_published_time":"2024-11-24T16:51:12+00:00","article_modified_time":"2025-01-24T16:52:08+00:00","author":"Ralf","twitter_card":"summary_large_image","twitter_misc":{"Escrito por":"Ralf","Est. tempo de leitura":"2 minutos"},"schema":{"@context":"https:\/\/schema.org","@graph":[{"@type":"Article","@id":"https:\/\/www.pagbrasil.com\/pt-br\/blog\/opiniao-do-especialista\/para-empreender-voce-precisa-acreditar-que-vai-dar-certo-e-se-dedicar-ao-maximo-para-que-isso-aconteca\/#article","isPartOf":{"@id":"https:\/\/www.pagbrasil.com\/pt-br\/blog\/opiniao-do-especialista\/para-empreender-voce-precisa-acreditar-que-vai-dar-certo-e-se-dedicar-ao-maximo-para-que-isso-aconteca\/"},"author":{"name":"Ralf","@id":"https:\/\/www.pagbrasil.com\/pt-br\/#\/schema\/person\/a06a4aedb8df8903de9dafe5c3266901"},"headline":"Para empreender, voc\u00ea precisa acreditar que vai dar certo &#8211; e se dedicar ao m\u00e1ximo para que isso aconte\u00e7a","datePublished":"2024-11-24T16:51:12+00:00","dateModified":"2025-01-24T16:52:08+00:00","mainEntityOfPage":{"@id":"https:\/\/www.pagbrasil.com\/pt-br\/blog\/opiniao-do-especialista\/para-empreender-voce-precisa-acreditar-que-vai-dar-certo-e-se-dedicar-ao-maximo-para-que-isso-aconteca\/"},"wordCount":451,"commentCount":0,"publisher":{"@id":"https:\/\/www.pagbrasil.com\/pt-br\/#organization"},"articleSection":["Opini\u00e3o do Especialista"],"inLanguage":"pt-BR","potentialAction":[{"@type":"CommentAction","name":"Comment","target":["https:\/\/www.pagbrasil.com\/pt-br\/blog\/opiniao-do-especialista\/para-empreender-voce-precisa-acreditar-que-vai-dar-certo-e-se-dedicar-ao-maximo-para-que-isso-aconteca\/#respond"]}]},{"@type":"WebPage","@id":"https:\/\/www.pagbrasil.com\/pt-br\/blog\/opiniao-do-especialista\/para-empreender-voce-precisa-acreditar-que-vai-dar-certo-e-se-dedicar-ao-maximo-para-que-isso-aconteca\/","url":"https:\/\/www.pagbrasil.com\/pt-br\/blog\/opiniao-do-especialista\/para-empreender-voce-precisa-acreditar-que-vai-dar-certo-e-se-dedicar-ao-maximo-para-que-isso-aconteca\/","name":"Para empreender, voc\u00ea precisa acreditar que vai dar certo - e se dedicar ao m\u00e1ximo para que isso aconte\u00e7a | PagBrasil","isPartOf":{"@id":"https:\/\/www.pagbrasil.com\/pt-br\/#website"},"datePublished":"2024-11-24T16:51:12+00:00","dateModified":"2025-01-24T16:52:08+00:00","breadcrumb":{"@id":"https:\/\/www.pagbrasil.com\/pt-br\/blog\/opiniao-do-especialista\/para-empreender-voce-precisa-acreditar-que-vai-dar-certo-e-se-dedicar-ao-maximo-para-que-isso-aconteca\/#breadcrumb"},"inLanguage":"pt-BR","potentialAction":[{"@type":"ReadAction","target":["https:\/\/www.pagbrasil.com\/pt-br\/blog\/opiniao-do-especialista\/para-empreender-voce-precisa-acreditar-que-vai-dar-certo-e-se-dedicar-ao-maximo-para-que-isso-aconteca\/"]}]},{"@type":"BreadcrumbList","@id":"https:\/\/www.pagbrasil.com\/pt-br\/blog\/opiniao-do-especialista\/para-empreender-voce-precisa-acreditar-que-vai-dar-certo-e-se-dedicar-ao-maximo-para-que-isso-aconteca\/#breadcrumb","itemListElement":[{"@type":"ListItem","position":1,"name":"Home","item":"https:\/\/www.pagbrasil.com\/pt-br\/"},{"@type":"ListItem","position":2,"name":"Opini\u00e3o do Especialista","item":"https:\/\/www.pagbrasil.com\/pt-br\/blog\/opiniao-do-especialista\/"},{"@type":"ListItem","position":3,"name":"Para empreender, voc\u00ea precisa acreditar que vai dar certo &#8211; e se dedicar ao m\u00e1ximo para que isso aconte\u00e7a"}]},{"@type":"WebSite","@id":"https:\/\/www.pagbrasil.com\/pt-br\/#website","url":"https:\/\/www.pagbrasil.com\/pt-br\/","name":"PagBrasil","description":"Processe seus pagamentos com PagBrasil, servi\u00e7o de pagamento online de excel\u00eancia para o Brasil, desenvolvido para empresas internacionais.","publisher":{"@id":"https:\/\/www.pagbrasil.com\/pt-br\/#organization"},"potentialAction":[{"@type":"SearchAction","target":{"@type":"EntryPoint","urlTemplate":"https:\/\/www.pagbrasil.com\/pt-br\/?s={search_term_string}"},"query-input":{"@type":"PropertyValueSpecification","valueRequired":true,"valueName":"search_term_string"}}],"inLanguage":"pt-BR"},{"@type":"Organization","@id":"https:\/\/www.pagbrasil.com\/pt-br\/#organization","name":"PagBrasil","url":"https:\/\/www.pagbrasil.com\/pt-br\/","logo":{"@type":"ImageObject","inLanguage":"pt-BR","@id":"https:\/\/www.pagbrasil.com\/pt-br\/#\/schema\/logo\/image\/","url":"https:\/\/www.pagbrasil.com\/wp-content\/uploads\/2023\/03\/logo-PB-2.svg","contentUrl":"https:\/\/www.pagbrasil.com\/wp-content\/uploads\/2023\/03\/logo-PB-2.svg","width":265,"height":64,"caption":"PagBrasil"},"image":{"@id":"https:\/\/www.pagbrasil.com\/pt-br\/#\/schema\/logo\/image\/"},"sameAs":["https:\/\/www.facebook.com\/pagbrasilpagamentos","https:\/\/www.linkedin.com\/company\/pagbrasil-pagamentos-eletronicos-ltda\/"]},{"@type":"Person","@id":"https:\/\/www.pagbrasil.com\/pt-br\/#\/schema\/person\/a06a4aedb8df8903de9dafe5c3266901","name":"Ralf","image":{"@type":"ImageObject","inLanguage":"pt-BR","@id":"https:\/\/www.pagbrasil.com\/pt-br\/#\/schema\/person\/image\/","url":"https:\/\/secure.gravatar.com\/avatar\/3e69a353e09c21d77e980c3350a0a7da2e8f7876316ee09fafd063886e8d6f02?s=96&d=mm&r=g","contentUrl":"https:\/\/secure.gravatar.com\/avatar\/3e69a353e09c21d77e980c3350a0a7da2e8f7876316ee09fafd063886e8d6f02?s=96&d=mm&r=g","caption":"Ralf"},"description":"A graduate in Business Administration and Engineering from Heilbronn University of Applied Sciences in Germany, Ralf Germer is the CEO and Co-founder of PagBrasil, a technology company that processes digital payments for merchants worldwide. Germer has extensive experience in business administration, international business development, marketing, and online sales, and is a reference in digital payment processing in Brazil. Before PagBrasil, the entrepreneur was Vice President of Product Marketing for Europe at Actebis Holding GmbH, and later founded 4M Iberoam\u00e9rica.","sameAs":["https:\/\/www.linkedin.com\/in\/rgermer\/","https:\/\/www.youtube.com\/@PagBrasil"],"url":"https:\/\/www.pagbrasil.com\/pt-br\/blog\/author\/ralf-germer\/"}]}},"_links":{"self":[{"href":"https:\/\/www.pagbrasil.com\/pt-br\/wp-json\/wp\/v2\/posts\/83883","targetHints":{"allow":["GET"]}}],"collection":[{"href":"https:\/\/www.pagbrasil.com\/pt-br\/wp-json\/wp\/v2\/posts"}],"about":[{"href":"https:\/\/www.pagbrasil.com\/pt-br\/wp-json\/wp\/v2\/types\/post"}],"author":[{"embeddable":true,"href":"https:\/\/www.pagbrasil.com\/pt-br\/wp-json\/wp\/v2\/users\/7"}],"replies":[{"embeddable":true,"href":"https:\/\/www.pagbrasil.com\/pt-br\/wp-json\/wp\/v2\/comments?post=83883"}],"version-history":[{"count":1,"href":"https:\/\/www.pagbrasil.com\/pt-br\/wp-json\/wp\/v2\/posts\/83883\/revisions"}],"predecessor-version":[{"id":83885,"href":"https:\/\/www.pagbrasil.com\/pt-br\/wp-json\/wp\/v2\/posts\/83883\/revisions\/83885"}],"wp:attachment":[{"href":"https:\/\/www.pagbrasil.com\/pt-br\/wp-json\/wp\/v2\/media?parent=83883"}],"wp:term":[{"taxonomy":"category","embeddable":true,"href":"https:\/\/www.pagbrasil.com\/pt-br\/wp-json\/wp\/v2\/categories?post=83883"},{"taxonomy":"post_tag","embeddable":true,"href":"https:\/\/www.pagbrasil.com\/pt-br\/wp-json\/wp\/v2\/tags?post=83883"}],"curies":[{"name":"wp","href":"https:\/\/api.w.org\/{rel}","templated":true}]}}