{"id":75237,"date":"2024-02-12T08:30:36","date_gmt":"2024-02-12T11:30:36","guid":{"rendered":"https:\/\/www.pagbrasil.com\/eventos\/grocery-drinks-2024-copy\/"},"modified":"2024-08-29T11:06:13","modified_gmt":"2024-08-29T14:06:13","slug":"vtex-day-2024","status":"publish","type":"post","link":"https:\/\/www.pagbrasil.com\/pt-br\/blog\/eventos\/vtex-day-2024\/","title":{"rendered":"VTEX Day | S\u00e3o Paulo | Abril 2024"},"content":{"rendered":"<p>Nos encontre no VTEX Day 2024!<\/p>\n<p>A PagBrasil estar\u00e1 presente em um dos maiores eventos de inova\u00e7\u00e3o do Brasil, junto aos principais l\u00edderes do segmento, levando as principais tend\u00eancias que transformar\u00e3o o futuro do digital commerce aos visitantes.<\/p>\n<p>Utilize o c\u00f3digo abaixo e garanta seu ingresso com <strong>35% de desconto no Full Pass<\/strong>:<\/p>\n<h4>PAGBRASILFULL35<\/h4>\n<p>No ano passado, milhares de pessoas passaram pelo nosso estande e conheceram as solu\u00e7\u00f5es mais completas em pagamento para e-commerce!<\/p>\n<h3>Veja como foi nossa participa\u00e7\u00e3o na edi\u00e7\u00e3o de 2023:<\/h3>\n<p><iframe loading=\"lazy\" title=\"Confira nossa participa\u00e7\u00e3o no VTEX Day 2023 | S\u00e3o Paulo\" width=\"640\" height=\"360\" src=\"https:\/\/www.youtube.com\/embed\/NwwidKg4C2E?feature=oembed\" frameborder=\"0\" allow=\"accelerometer; autoplay; clipboard-write; encrypted-media; gyroscope; picture-in-picture; web-share\" referrerpolicy=\"strict-origin-when-cross-origin\" allowfullscreen><\/iframe><\/p>\n<h2>Informa\u00e7\u00f5es sobre o VTEX Day 2024<\/h2>\n<p><strong>Data:<\/strong> 11 e 12 de Abril de 2024<\/p>\n<p><strong>Local:<\/strong> S\u00e3o Paulo Expo, S\u00e3o Paulo\/SP\u00a0 \u2014 <a href=\"https:\/\/maps.app.goo.gl\/kFASgipr7srBmdnKA\" target=\"_blank\" rel=\"noopener\"><strong>Ver no Google Maps<\/strong><\/a><\/p>\n<p>Nos encontramos l\u00e1!<\/p>\n<p>Se preferir,\u00a0<a href=\"https:\/\/www.pagbrasil.com\/pt-br\/suporte\/\" target=\"_blank\" rel=\"noopener\">entre em contato<\/a>\u00a0antecipadamente e agende uma conversa com o nosso time.<\/p>\n","protected":false},"excerpt":{"rendered":"<p>Nos encontre no VTEX Day 2024! A PagBrasil estar\u00e1 presente em um dos maiores eventos de inova\u00e7\u00e3o do Brasil, junto [&#8230;]<\/p>\n","protected":false},"author":23,"featured_media":81449,"comment_status":"open","ping_status":"open","sticky":false,"template":"","format":"standard","meta":{"_acf_changed":false,"footnotes":""},"categories":[30,114],"tags":[],"class_list":["post-75237","post","type-post","status-publish","format-standard","has-post-thumbnail","hentry","category-eventos","category-vtex"],"acf":[],"yoast_head":"<!-- This site is optimized with the Yoast SEO plugin v25.7 - https:\/\/yoast.com\/wordpress\/plugins\/seo\/ -->\n<title>VTEX Day | S\u00e3o Paulo | Abril 2024 | PagBrasil<\/title>\n<meta name=\"description\" content=\"A PagBrasil estar\u00e1 presente no VTEX Day 2024, um dos maiores eventos de inova\u00e7\u00e3o do Brasil!\" \/>\n<meta name=\"robots\" content=\"index, follow, max-snippet:-1, max-image-preview:large, max-video-preview:-1\" \/>\n<link rel=\"canonical\" href=\"https:\/\/www.pagbrasil.com\/pt-br\/blog\/eventos\/vtex-day-2024\/\" \/>\n<meta property=\"og:locale\" content=\"pt_BR\" \/>\n<meta property=\"og:type\" content=\"article\" \/>\n<meta property=\"og:title\" content=\"VTEX Day | S\u00e3o Paulo | Abril 2024 | PagBrasil\" \/>\n<meta property=\"og:description\" content=\"A PagBrasil estar\u00e1 presente no VTEX Day 2024, um dos maiores eventos de inova\u00e7\u00e3o do Brasil!\" \/>\n<meta property=\"og:url\" content=\"https:\/\/www.pagbrasil.com\/pt-br\/blog\/eventos\/vtex-day-2024\/\" \/>\n<meta property=\"og:site_name\" content=\"PagBrasil\" \/>\n<meta property=\"article:publisher\" content=\"https:\/\/www.facebook.com\/pagbrasilpagamentos\" \/>\n<meta property=\"article:published_time\" content=\"2024-02-12T11:30:36+00:00\" \/>\n<meta property=\"article:modified_time\" content=\"2024-08-29T14:06:13+00:00\" \/>\n<meta property=\"og:image\" content=\"https:\/\/www.pagbrasil.com\/wp-content\/uploads\/2024\/02\/image-blog-vtex-day-2024.jpg\" \/>\n\t<meta property=\"og:image:width\" content=\"1350\" \/>\n\t<meta property=\"og:image:height\" content=\"1208\" \/>\n\t<meta property=\"og:image:type\" content=\"image\/jpeg\" \/>\n<meta name=\"author\" content=\"Tamiris Souza\" \/>\n<meta name=\"twitter:card\" content=\"summary_large_image\" \/>\n<meta name=\"twitter:label1\" content=\"Escrito por\" \/>\n\t<meta name=\"twitter:data1\" content=\"Tamiris Souza\" \/>\n\t<meta name=\"twitter:label2\" content=\"Est. tempo de leitura\" \/>\n\t<meta name=\"twitter:data2\" content=\"1 minuto\" \/>\n<script type=\"application\/ld+json\" class=\"yoast-schema-graph\">{\"@context\":\"https:\/\/schema.org\",\"@graph\":[{\"@type\":\"Article\",\"@id\":\"https:\/\/www.pagbrasil.com\/pt-br\/blog\/eventos\/vtex-day-2024\/#article\",\"isPartOf\":{\"@id\":\"https:\/\/www.pagbrasil.com\/pt-br\/blog\/eventos\/vtex-day-2024\/\"},\"author\":{\"name\":\"Tamiris Souza\",\"@id\":\"https:\/\/www.pagbrasil.com\/pt-br\/#\/schema\/person\/bd9f5cc718caa06a7a114678d61a59de\"},\"headline\":\"VTEX Day | S\u00e3o Paulo | Abril 2024\",\"datePublished\":\"2024-02-12T11:30:36+00:00\",\"dateModified\":\"2024-08-29T14:06:13+00:00\",\"mainEntityOfPage\":{\"@id\":\"https:\/\/www.pagbrasil.com\/pt-br\/blog\/eventos\/vtex-day-2024\/\"},\"wordCount\":146,\"commentCount\":0,\"publisher\":{\"@id\":\"https:\/\/www.pagbrasil.com\/pt-br\/#organization\"},\"image\":{\"@id\":\"https:\/\/www.pagbrasil.com\/pt-br\/blog\/eventos\/vtex-day-2024\/#primaryimage\"},\"thumbnailUrl\":\"https:\/\/www.pagbrasil.com\/wp-content\/uploads\/2024\/02\/image-blog-vtex-day-2024.jpg\",\"articleSection\":[\"Eventos\",\"VTEX\"],\"inLanguage\":\"pt-BR\",\"potentialAction\":[{\"@type\":\"CommentAction\",\"name\":\"Comment\",\"target\":[\"https:\/\/www.pagbrasil.com\/pt-br\/blog\/eventos\/vtex-day-2024\/#respond\"]}]},{\"@type\":\"WebPage\",\"@id\":\"https:\/\/www.pagbrasil.com\/pt-br\/blog\/eventos\/vtex-day-2024\/\",\"url\":\"https:\/\/www.pagbrasil.com\/pt-br\/blog\/eventos\/vtex-day-2024\/\",\"name\":\"VTEX Day | S\u00e3o Paulo | Abril 2024 | PagBrasil\",\"isPartOf\":{\"@id\":\"https:\/\/www.pagbrasil.com\/pt-br\/#website\"},\"primaryImageOfPage\":{\"@id\":\"https:\/\/www.pagbrasil.com\/pt-br\/blog\/eventos\/vtex-day-2024\/#primaryimage\"},\"image\":{\"@id\":\"https:\/\/www.pagbrasil.com\/pt-br\/blog\/eventos\/vtex-day-2024\/#primaryimage\"},\"thumbnailUrl\":\"https:\/\/www.pagbrasil.com\/wp-content\/uploads\/2024\/02\/image-blog-vtex-day-2024.jpg\",\"datePublished\":\"2024-02-12T11:30:36+00:00\",\"dateModified\":\"2024-08-29T14:06:13+00:00\",\"description\":\"A PagBrasil estar\u00e1 presente no VTEX Day 2024, um dos maiores eventos de inova\u00e7\u00e3o do Brasil!\",\"breadcrumb\":{\"@id\":\"https:\/\/www.pagbrasil.com\/pt-br\/blog\/eventos\/vtex-day-2024\/#breadcrumb\"},\"inLanguage\":\"pt-BR\",\"potentialAction\":[{\"@type\":\"ReadAction\",\"target\":[\"https:\/\/www.pagbrasil.com\/pt-br\/blog\/eventos\/vtex-day-2024\/\"]}]},{\"@type\":\"ImageObject\",\"inLanguage\":\"pt-BR\",\"@id\":\"https:\/\/www.pagbrasil.com\/pt-br\/blog\/eventos\/vtex-day-2024\/#primaryimage\",\"url\":\"https:\/\/www.pagbrasil.com\/wp-content\/uploads\/2024\/02\/image-blog-vtex-day-2024.jpg\",\"contentUrl\":\"https:\/\/www.pagbrasil.com\/wp-content\/uploads\/2024\/02\/image-blog-vtex-day-2024.jpg\",\"width\":1350,\"height\":1208,\"caption\":\"VTEX Day 2024\"},{\"@type\":\"BreadcrumbList\",\"@id\":\"https:\/\/www.pagbrasil.com\/pt-br\/blog\/eventos\/vtex-day-2024\/#breadcrumb\",\"itemListElement\":[{\"@type\":\"ListItem\",\"position\":1,\"name\":\"Home\",\"item\":\"https:\/\/www.pagbrasil.com\/pt-br\/\"},{\"@type\":\"ListItem\",\"position\":2,\"name\":\"Eventos\",\"item\":\"https:\/\/www.pagbrasil.com\/pt-br\/blog\/eventos\/\"},{\"@type\":\"ListItem\",\"position\":3,\"name\":\"VTEX Day | S\u00e3o Paulo | Abril 2024\"}]},{\"@type\":\"WebSite\",\"@id\":\"https:\/\/www.pagbrasil.com\/pt-br\/#website\",\"url\":\"https:\/\/www.pagbrasil.com\/pt-br\/\",\"name\":\"PagBrasil\",\"description\":\"Processe seus pagamentos com PagBrasil, servi\u00e7o de pagamento online de excel\u00eancia para o Brasil, desenvolvido para empresas internacionais.\",\"publisher\":{\"@id\":\"https:\/\/www.pagbrasil.com\/pt-br\/#organization\"},\"potentialAction\":[{\"@type\":\"SearchAction\",\"target\":{\"@type\":\"EntryPoint\",\"urlTemplate\":\"https:\/\/www.pagbrasil.com\/pt-br\/?s={search_term_string}\"},\"query-input\":{\"@type\":\"PropertyValueSpecification\",\"valueRequired\":true,\"valueName\":\"search_term_string\"}}],\"inLanguage\":\"pt-BR\"},{\"@type\":\"Organization\",\"@id\":\"https:\/\/www.pagbrasil.com\/pt-br\/#organization\",\"name\":\"PagBrasil\",\"url\":\"https:\/\/www.pagbrasil.com\/pt-br\/\",\"logo\":{\"@type\":\"ImageObject\",\"inLanguage\":\"pt-BR\",\"@id\":\"https:\/\/www.pagbrasil.com\/pt-br\/#\/schema\/logo\/image\/\",\"url\":\"https:\/\/www.pagbrasil.com\/wp-content\/uploads\/2023\/03\/logo-PB-2.svg\",\"contentUrl\":\"https:\/\/www.pagbrasil.com\/wp-content\/uploads\/2023\/03\/logo-PB-2.svg\",\"width\":265,\"height\":64,\"caption\":\"PagBrasil\"},\"image\":{\"@id\":\"https:\/\/www.pagbrasil.com\/pt-br\/#\/schema\/logo\/image\/\"},\"sameAs\":[\"https:\/\/www.facebook.com\/pagbrasilpagamentos\",\"https:\/\/www.linkedin.com\/company\/pagbrasil-pagamentos-eletronicos-ltda\/\"]},{\"@type\":\"Person\",\"@id\":\"https:\/\/www.pagbrasil.com\/pt-br\/#\/schema\/person\/bd9f5cc718caa06a7a114678d61a59de\",\"name\":\"Tamiris Souza\",\"image\":{\"@type\":\"ImageObject\",\"inLanguage\":\"pt-BR\",\"@id\":\"https:\/\/www.pagbrasil.com\/pt-br\/#\/schema\/person\/image\/\",\"url\":\"https:\/\/secure.gravatar.com\/avatar\/93dfa5972fa8e0d87dbe5ce11a13cbf82bb8636513ca55dfd21c1681d56e9d5e?s=96&d=mm&r=g\",\"contentUrl\":\"https:\/\/secure.gravatar.com\/avatar\/93dfa5972fa8e0d87dbe5ce11a13cbf82bb8636513ca55dfd21c1681d56e9d5e?s=96&d=mm&r=g\",\"caption\":\"Tamiris Souza\"},\"description\":\"Tamiris Souza \u00e9 jornalista, especializada em Produ\u00e7\u00e3o de Conte\u00fado e Assessoria de Imprensa. Possui p\u00f3s gradua\u00e7\u00e3o em Experi\u00eancias Digitais: Gest\u00e3o, Produ\u00e7\u00e3o e Engajamento pela PUCRS. Na PagBrasil, escreve sobre meios de pagamento, e-commerce e tecnologia.\",\"url\":\"https:\/\/www.pagbrasil.com\/pt-br\/blog\/author\/tamiris-souza\/\"}]}<\/script>\n<!-- \/ Yoast SEO plugin. -->","yoast_head_json":{"title":"VTEX Day | S\u00e3o Paulo | Abril 2024 | PagBrasil","description":"A PagBrasil estar\u00e1 presente no VTEX Day 2024, um dos maiores eventos de inova\u00e7\u00e3o do Brasil!","robots":{"index":"index","follow":"follow","max-snippet":"max-snippet:-1","max-image-preview":"max-image-preview:large","max-video-preview":"max-video-preview:-1"},"canonical":"https:\/\/www.pagbrasil.com\/pt-br\/blog\/eventos\/vtex-day-2024\/","og_locale":"pt_BR","og_type":"article","og_title":"VTEX Day | S\u00e3o Paulo | Abril 2024 | PagBrasil","og_description":"A PagBrasil estar\u00e1 presente no VTEX Day 2024, um dos maiores eventos de inova\u00e7\u00e3o do Brasil!","og_url":"https:\/\/www.pagbrasil.com\/pt-br\/blog\/eventos\/vtex-day-2024\/","og_site_name":"PagBrasil","article_publisher":"https:\/\/www.facebook.com\/pagbrasilpagamentos","article_published_time":"2024-02-12T11:30:36+00:00","article_modified_time":"2024-08-29T14:06:13+00:00","og_image":[{"width":1350,"height":1208,"url":"https:\/\/www.pagbrasil.com\/wp-content\/uploads\/2024\/02\/image-blog-vtex-day-2024.jpg","type":"image\/jpeg"}],"author":"Tamiris Souza","twitter_card":"summary_large_image","twitter_misc":{"Escrito por":"Tamiris Souza","Est. tempo de leitura":"1 minuto"},"schema":{"@context":"https:\/\/schema.org","@graph":[{"@type":"Article","@id":"https:\/\/www.pagbrasil.com\/pt-br\/blog\/eventos\/vtex-day-2024\/#article","isPartOf":{"@id":"https:\/\/www.pagbrasil.com\/pt-br\/blog\/eventos\/vtex-day-2024\/"},"author":{"name":"Tamiris Souza","@id":"https:\/\/www.pagbrasil.com\/pt-br\/#\/schema\/person\/bd9f5cc718caa06a7a114678d61a59de"},"headline":"VTEX Day | S\u00e3o Paulo | Abril 2024","datePublished":"2024-02-12T11:30:36+00:00","dateModified":"2024-08-29T14:06:13+00:00","mainEntityOfPage":{"@id":"https:\/\/www.pagbrasil.com\/pt-br\/blog\/eventos\/vtex-day-2024\/"},"wordCount":146,"commentCount":0,"publisher":{"@id":"https:\/\/www.pagbrasil.com\/pt-br\/#organization"},"image":{"@id":"https:\/\/www.pagbrasil.com\/pt-br\/blog\/eventos\/vtex-day-2024\/#primaryimage"},"thumbnailUrl":"https:\/\/www.pagbrasil.com\/wp-content\/uploads\/2024\/02\/image-blog-vtex-day-2024.jpg","articleSection":["Eventos","VTEX"],"inLanguage":"pt-BR","potentialAction":[{"@type":"CommentAction","name":"Comment","target":["https:\/\/www.pagbrasil.com\/pt-br\/blog\/eventos\/vtex-day-2024\/#respond"]}]},{"@type":"WebPage","@id":"https:\/\/www.pagbrasil.com\/pt-br\/blog\/eventos\/vtex-day-2024\/","url":"https:\/\/www.pagbrasil.com\/pt-br\/blog\/eventos\/vtex-day-2024\/","name":"VTEX Day | S\u00e3o Paulo | Abril 2024 | PagBrasil","isPartOf":{"@id":"https:\/\/www.pagbrasil.com\/pt-br\/#website"},"primaryImageOfPage":{"@id":"https:\/\/www.pagbrasil.com\/pt-br\/blog\/eventos\/vtex-day-2024\/#primaryimage"},"image":{"@id":"https:\/\/www.pagbrasil.com\/pt-br\/blog\/eventos\/vtex-day-2024\/#primaryimage"},"thumbnailUrl":"https:\/\/www.pagbrasil.com\/wp-content\/uploads\/2024\/02\/image-blog-vtex-day-2024.jpg","datePublished":"2024-02-12T11:30:36+00:00","dateModified":"2024-08-29T14:06:13+00:00","description":"A PagBrasil estar\u00e1 presente no VTEX Day 2024, um dos maiores eventos de inova\u00e7\u00e3o do Brasil!","breadcrumb":{"@id":"https:\/\/www.pagbrasil.com\/pt-br\/blog\/eventos\/vtex-day-2024\/#breadcrumb"},"inLanguage":"pt-BR","potentialAction":[{"@type":"ReadAction","target":["https:\/\/www.pagbrasil.com\/pt-br\/blog\/eventos\/vtex-day-2024\/"]}]},{"@type":"ImageObject","inLanguage":"pt-BR","@id":"https:\/\/www.pagbrasil.com\/pt-br\/blog\/eventos\/vtex-day-2024\/#primaryimage","url":"https:\/\/www.pagbrasil.com\/wp-content\/uploads\/2024\/02\/image-blog-vtex-day-2024.jpg","contentUrl":"https:\/\/www.pagbrasil.com\/wp-content\/uploads\/2024\/02\/image-blog-vtex-day-2024.jpg","width":1350,"height":1208,"caption":"VTEX Day 2024"},{"@type":"BreadcrumbList","@id":"https:\/\/www.pagbrasil.com\/pt-br\/blog\/eventos\/vtex-day-2024\/#breadcrumb","itemListElement":[{"@type":"ListItem","position":1,"name":"Home","item":"https:\/\/www.pagbrasil.com\/pt-br\/"},{"@type":"ListItem","position":2,"name":"Eventos","item":"https:\/\/www.pagbrasil.com\/pt-br\/blog\/eventos\/"},{"@type":"ListItem","position":3,"name":"VTEX Day | S\u00e3o Paulo | Abril 2024"}]},{"@type":"WebSite","@id":"https:\/\/www.pagbrasil.com\/pt-br\/#website","url":"https:\/\/www.pagbrasil.com\/pt-br\/","name":"PagBrasil","description":"Processe seus pagamentos com PagBrasil, servi\u00e7o de pagamento online de excel\u00eancia para o Brasil, desenvolvido para empresas internacionais.","publisher":{"@id":"https:\/\/www.pagbrasil.com\/pt-br\/#organization"},"potentialAction":[{"@type":"SearchAction","target":{"@type":"EntryPoint","urlTemplate":"https:\/\/www.pagbrasil.com\/pt-br\/?s={search_term_string}"},"query-input":{"@type":"PropertyValueSpecification","valueRequired":true,"valueName":"search_term_string"}}],"inLanguage":"pt-BR"},{"@type":"Organization","@id":"https:\/\/www.pagbrasil.com\/pt-br\/#organization","name":"PagBrasil","url":"https:\/\/www.pagbrasil.com\/pt-br\/","logo":{"@type":"ImageObject","inLanguage":"pt-BR","@id":"https:\/\/www.pagbrasil.com\/pt-br\/#\/schema\/logo\/image\/","url":"https:\/\/www.pagbrasil.com\/wp-content\/uploads\/2023\/03\/logo-PB-2.svg","contentUrl":"https:\/\/www.pagbrasil.com\/wp-content\/uploads\/2023\/03\/logo-PB-2.svg","width":265,"height":64,"caption":"PagBrasil"},"image":{"@id":"https:\/\/www.pagbrasil.com\/pt-br\/#\/schema\/logo\/image\/"},"sameAs":["https:\/\/www.facebook.com\/pagbrasilpagamentos","https:\/\/www.linkedin.com\/company\/pagbrasil-pagamentos-eletronicos-ltda\/"]},{"@type":"Person","@id":"https:\/\/www.pagbrasil.com\/pt-br\/#\/schema\/person\/bd9f5cc718caa06a7a114678d61a59de","name":"Tamiris Souza","image":{"@type":"ImageObject","inLanguage":"pt-BR","@id":"https:\/\/www.pagbrasil.com\/pt-br\/#\/schema\/person\/image\/","url":"https:\/\/secure.gravatar.com\/avatar\/93dfa5972fa8e0d87dbe5ce11a13cbf82bb8636513ca55dfd21c1681d56e9d5e?s=96&d=mm&r=g","contentUrl":"https:\/\/secure.gravatar.com\/avatar\/93dfa5972fa8e0d87dbe5ce11a13cbf82bb8636513ca55dfd21c1681d56e9d5e?s=96&d=mm&r=g","caption":"Tamiris Souza"},"description":"Tamiris Souza \u00e9 jornalista, especializada em Produ\u00e7\u00e3o de Conte\u00fado e Assessoria de Imprensa. Possui p\u00f3s gradua\u00e7\u00e3o em Experi\u00eancias Digitais: Gest\u00e3o, Produ\u00e7\u00e3o e Engajamento pela PUCRS. Na PagBrasil, escreve sobre meios de pagamento, e-commerce e tecnologia.","url":"https:\/\/www.pagbrasil.com\/pt-br\/blog\/author\/tamiris-souza\/"}]}},"_links":{"self":[{"href":"https:\/\/www.pagbrasil.com\/pt-br\/wp-json\/wp\/v2\/posts\/75237","targetHints":{"allow":["GET"]}}],"collection":[{"href":"https:\/\/www.pagbrasil.com\/pt-br\/wp-json\/wp\/v2\/posts"}],"about":[{"href":"https:\/\/www.pagbrasil.com\/pt-br\/wp-json\/wp\/v2\/types\/post"}],"author":[{"embeddable":true,"href":"https:\/\/www.pagbrasil.com\/pt-br\/wp-json\/wp\/v2\/users\/23"}],"replies":[{"embeddable":true,"href":"https:\/\/www.pagbrasil.com\/pt-br\/wp-json\/wp\/v2\/comments?post=75237"}],"version-history":[{"count":8,"href":"https:\/\/www.pagbrasil.com\/pt-br\/wp-json\/wp\/v2\/posts\/75237\/revisions"}],"predecessor-version":[{"id":81453,"href":"https:\/\/www.pagbrasil.com\/pt-br\/wp-json\/wp\/v2\/posts\/75237\/revisions\/81453"}],"wp:featuredmedia":[{"embeddable":true,"href":"https:\/\/www.pagbrasil.com\/pt-br\/wp-json\/wp\/v2\/media\/81449"}],"wp:attachment":[{"href":"https:\/\/www.pagbrasil.com\/pt-br\/wp-json\/wp\/v2\/media?parent=75237"}],"wp:term":[{"taxonomy":"category","embeddable":true,"href":"https:\/\/www.pagbrasil.com\/pt-br\/wp-json\/wp\/v2\/categories?post=75237"},{"taxonomy":"post_tag","embeddable":true,"href":"https:\/\/www.pagbrasil.com\/pt-br\/wp-json\/wp\/v2\/tags?post=75237"}],"curies":[{"name":"wp","href":"https:\/\/api.w.org\/{rel}","templated":true}]}}