{"id":75189,"date":"2024-02-07T15:13:30","date_gmt":"2024-02-07T18:13:30","guid":{"rendered":"https:\/\/www.pagbrasil.com\/?p=75189"},"modified":"2024-08-27T14:15:58","modified_gmt":"2024-08-27T17:15:58","slug":"mercado-de-assinatura-conferencia-mg","status":"publish","type":"post","link":"https:\/\/www.pagbrasil.com\/pt-br\/blog\/noticias\/mercado-de-assinatura-conferencia-mg\/","title":{"rendered":"PagBrasil e Coffee++ destacam o potencial do mercado de assinatura durante a Confer\u00eancia MG, realizada em Belo Horizonte"},"content":{"rendered":"<p>A PagBrasil e a Coffee++ dividiram o palco da <a href=\"https:\/\/www.pagbrasil.com\/pt-br\/eventos\/conferencia-mg-2024\/\" target=\"_blank\" rel=\"noopener\">Confer\u00eancia MG<\/a>, realizada nos dias 30 e 31 de janeiro em Belo Horizonte, abordando a consolida\u00e7\u00e3o da Coffee++ com o digital \u2013 <strong>e o impacto de um clube de assinatura para o sucesso dessa estrat\u00e9gia<\/strong>.<\/p>\n<p>Para ter uma no\u00e7\u00e3o da sua for\u00e7a, <strong>23% dos pedidos do site da empresa s\u00e3o via assinaturas<\/strong>. \u201cNossa aposta nessa estrat\u00e9gia faz bastante sentido, uma vez que o <strong>LTV (Valor do Tempo de Vida do cliente) dos assinantes \u00e9 8 vezes maior do que o cliente que compra de forma avulsa<\/strong>\u201d, diz Tiago Alvisi, Diretor de E-commerce da Coffee++.<\/p>\n<p>O empres\u00e1rio destaca que ter autoridade no mercado e encontrar formas de reter o cliente \u00e9 importante para o sucesso da recorr\u00eancia, evitando o \u201cchurn\u201d \u2013 m\u00e9trica que apresenta o n\u00famero de clientes que cancelaram um produto ou servi\u00e7o. \u201cPrecisamos lan\u00e7ar coisas novas mensalmente, seja em produtos, parcerias ou qualquer outra coisa que mantenha o assinante interessado\u201d.<\/p>\n<p><strong>Leia mais: <\/strong><a href=\"https:\/\/www.pagbrasil.com\/pt-br\/noticias\/4-tendencias-para-o-e-commerce-em-2024\/\">4 tend\u00eancias do e-commerce em 2024<\/a><\/p>\n<h2><strong>Parceria entre a Coffee++ e o PagStream<\/strong><strong><sup>\u00ae<\/sup><\/strong><\/h2>\n<p>Quando a Coffee++ decidiu criar um clube de assinaturas, para intensificar suas vendas no digital, l\u00e1 em 2020, encontrou no PagStream<strong><sup>\u00ae<\/sup> <\/strong><strong>a solu\u00e7\u00e3o ideal para gest\u00e3o das assinaturas<\/strong><strong>. <\/strong><strong>A f\u00e1cil e r\u00e1pida integra\u00e7\u00e3o e a experi\u00eancia proporcionada aos assinantes foram algumas das motiva\u00e7\u00f5es da escolha.<\/strong><\/p>\n<p><strong>Leia mais:<\/strong> <a href=\"https:\/\/www.pagbrasil.com\/pt-br\/noticias\/coffee-mais-escolheu-pagstream-para-clube-de-assinaturas\/\" target=\"_blank\" rel=\"noopener\">Por que a Coffee ++ escolheu o PagStream<sup>\u00ae<\/sup> para seu novo clube de assinaturas<\/a><\/p>\n<p><strong>Alexandre Oliveira, Diretor de Vendas da PagBrasil \u2013 empresa criadora do PagStream<sup>\u00ae<\/sup> \u2013 refor\u00e7ou que o mercado de assinaturas encontra no Brasil muito espa\u00e7o para se desenvolver. <\/strong><\/p>\n<p>\u201cO faturamento do mercado de assinaturas foi 1 bilh\u00e3o de reais em 2023 no pa\u00eds, contra 50 bilh\u00f5es nos Estados Unidos. L\u00e1, se v\u00ea todo o tipo de assinatura, dos mais variados produtos e servi\u00e7os. No Brasil, os empreendedores ainda se perguntam: \u2018ser\u00e1 que \u00e9 poss\u00edvel criar um clube de assinatura com o que eu vendo?\u2019, e a resposta \u00e9 \u2018sim, \u00e9 poss\u00edvel\u2019\u201d, afirma o Diretor de Vendas da PagBrasil, Alexandre Oliveira.<\/p>\n<p>O segredo, ele acrescenta, \u00e9 criar um plano condizente com a realidade do seu neg\u00f3cio, al\u00e9m de <strong>contar com uma solu\u00e7\u00e3o eficiente. <\/strong><\/p>\n<p><strong>Quer saber mais sobre o PagStream<\/strong><strong><sup>\u00ae<\/sup><\/strong><strong> e como ele pode impulsionar o seu neg\u00f3cio tamb\u00e9m? Converse com um de nossos especialistas.<\/strong><\/p>\n","protected":false},"excerpt":{"rendered":"<p>A PagBrasil e a Coffee++ dividiram o palco da Confer\u00eancia MG, realizada nos dias 30 e 31 de janeiro em [&#8230;]<\/p>\n","protected":false},"author":45,"featured_media":81247,"comment_status":"open","ping_status":"open","sticky":false,"template":"","format":"standard","meta":{"_acf_changed":false,"footnotes":""},"categories":[82,4,145],"tags":[],"class_list":["post-75189","post","type-post","status-publish","format-standard","has-post-thumbnail","hentry","category-insights","category-noticias","category-pagamento-recorrente"],"acf":[],"yoast_head":"<!-- This site is optimized with the Yoast SEO plugin v25.7 - https:\/\/yoast.com\/wordpress\/plugins\/seo\/ -->\n<title>PagBrasil e Coffee++ destacam o potencial do mercado de assinatura<\/title>\n<meta name=\"description\" content=\"A PagBrasil e a Coffee++ abordaram a consolida\u00e7\u00e3o da Coffee++ com o digital \u2013 e o impacto de um clube de assinatura para o sucesso dessa estrat\u00e9gia.\" \/>\n<meta name=\"robots\" content=\"index, follow, max-snippet:-1, max-image-preview:large, max-video-preview:-1\" \/>\n<link rel=\"canonical\" href=\"https:\/\/www.pagbrasil.com\/pt-br\/blog\/noticias\/mercado-de-assinatura-conferencia-mg\/\" \/>\n<meta property=\"og:locale\" content=\"pt_BR\" \/>\n<meta property=\"og:type\" content=\"article\" \/>\n<meta property=\"og:title\" content=\"PagBrasil e Coffee++ destacam o potencial do mercado de assinatura\" \/>\n<meta property=\"og:description\" content=\"A PagBrasil e a Coffee++ abordaram a consolida\u00e7\u00e3o da Coffee++ com o digital \u2013 e o impacto de um clube de assinatura para o sucesso dessa estrat\u00e9gia.\" \/>\n<meta property=\"og:url\" content=\"https:\/\/www.pagbrasil.com\/pt-br\/blog\/noticias\/mercado-de-assinatura-conferencia-mg\/\" \/>\n<meta property=\"og:site_name\" content=\"PagBrasil\" \/>\n<meta property=\"article:publisher\" content=\"https:\/\/www.facebook.com\/pagbrasilpagamentos\" \/>\n<meta property=\"article:published_time\" content=\"2024-02-07T18:13:30+00:00\" \/>\n<meta property=\"article:modified_time\" content=\"2024-08-27T17:15:58+00:00\" \/>\n<meta property=\"og:image\" content=\"https:\/\/www.pagbrasil.com\/wp-content\/uploads\/2024\/02\/o-potencial-do-mercado-de-assinatura.jpg\" \/>\n\t<meta property=\"og:image:width\" content=\"1350\" \/>\n\t<meta property=\"og:image:height\" content=\"1208\" \/>\n\t<meta property=\"og:image:type\" content=\"image\/jpeg\" \/>\n<meta name=\"author\" content=\"Cristiane Moro\" \/>\n<meta name=\"twitter:card\" content=\"summary_large_image\" \/>\n<meta name=\"twitter:label1\" content=\"Escrito por\" \/>\n\t<meta name=\"twitter:data1\" content=\"Cristiane Moro\" \/>\n\t<meta name=\"twitter:label2\" content=\"Est. tempo de leitura\" \/>\n\t<meta name=\"twitter:data2\" content=\"2 minutos\" \/>\n<script type=\"application\/ld+json\" class=\"yoast-schema-graph\">{\"@context\":\"https:\/\/schema.org\",\"@graph\":[{\"@type\":\"Article\",\"@id\":\"https:\/\/www.pagbrasil.com\/pt-br\/blog\/noticias\/mercado-de-assinatura-conferencia-mg\/#article\",\"isPartOf\":{\"@id\":\"https:\/\/www.pagbrasil.com\/pt-br\/blog\/noticias\/mercado-de-assinatura-conferencia-mg\/\"},\"author\":{\"name\":\"Cristiane Moro\",\"@id\":\"https:\/\/www.pagbrasil.com\/pt-br\/#\/schema\/person\/f209756c3b866be5fee7fb9e06959c7e\"},\"headline\":\"PagBrasil e Coffee++ destacam o potencial do mercado de assinatura durante a Confer\u00eancia MG, realizada em Belo Horizonte\",\"datePublished\":\"2024-02-07T18:13:30+00:00\",\"dateModified\":\"2024-08-27T17:15:58+00:00\",\"mainEntityOfPage\":{\"@id\":\"https:\/\/www.pagbrasil.com\/pt-br\/blog\/noticias\/mercado-de-assinatura-conferencia-mg\/\"},\"wordCount\":410,\"commentCount\":0,\"publisher\":{\"@id\":\"https:\/\/www.pagbrasil.com\/pt-br\/#organization\"},\"image\":{\"@id\":\"https:\/\/www.pagbrasil.com\/pt-br\/blog\/noticias\/mercado-de-assinatura-conferencia-mg\/#primaryimage\"},\"thumbnailUrl\":\"https:\/\/www.pagbrasil.com\/wp-content\/uploads\/2024\/02\/o-potencial-do-mercado-de-assinatura.jpg\",\"articleSection\":[\"Insights\",\"Not\u00edcias\",\"Pagamento recorrente\"],\"inLanguage\":\"pt-BR\",\"potentialAction\":[{\"@type\":\"CommentAction\",\"name\":\"Comment\",\"target\":[\"https:\/\/www.pagbrasil.com\/pt-br\/blog\/noticias\/mercado-de-assinatura-conferencia-mg\/#respond\"]}]},{\"@type\":\"WebPage\",\"@id\":\"https:\/\/www.pagbrasil.com\/pt-br\/blog\/noticias\/mercado-de-assinatura-conferencia-mg\/\",\"url\":\"https:\/\/www.pagbrasil.com\/pt-br\/blog\/noticias\/mercado-de-assinatura-conferencia-mg\/\",\"name\":\"PagBrasil e Coffee++ destacam o potencial do mercado de assinatura\",\"isPartOf\":{\"@id\":\"https:\/\/www.pagbrasil.com\/pt-br\/#website\"},\"primaryImageOfPage\":{\"@id\":\"https:\/\/www.pagbrasil.com\/pt-br\/blog\/noticias\/mercado-de-assinatura-conferencia-mg\/#primaryimage\"},\"image\":{\"@id\":\"https:\/\/www.pagbrasil.com\/pt-br\/blog\/noticias\/mercado-de-assinatura-conferencia-mg\/#primaryimage\"},\"thumbnailUrl\":\"https:\/\/www.pagbrasil.com\/wp-content\/uploads\/2024\/02\/o-potencial-do-mercado-de-assinatura.jpg\",\"datePublished\":\"2024-02-07T18:13:30+00:00\",\"dateModified\":\"2024-08-27T17:15:58+00:00\",\"description\":\"A PagBrasil e a Coffee++ abordaram a consolida\u00e7\u00e3o da Coffee++ com o digital \u2013 e o impacto de um clube de assinatura para o sucesso dessa estrat\u00e9gia.\",\"breadcrumb\":{\"@id\":\"https:\/\/www.pagbrasil.com\/pt-br\/blog\/noticias\/mercado-de-assinatura-conferencia-mg\/#breadcrumb\"},\"inLanguage\":\"pt-BR\",\"potentialAction\":[{\"@type\":\"ReadAction\",\"target\":[\"https:\/\/www.pagbrasil.com\/pt-br\/blog\/noticias\/mercado-de-assinatura-conferencia-mg\/\"]}]},{\"@type\":\"ImageObject\",\"inLanguage\":\"pt-BR\",\"@id\":\"https:\/\/www.pagbrasil.com\/pt-br\/blog\/noticias\/mercado-de-assinatura-conferencia-mg\/#primaryimage\",\"url\":\"https:\/\/www.pagbrasil.com\/wp-content\/uploads\/2024\/02\/o-potencial-do-mercado-de-assinatura.jpg\",\"contentUrl\":\"https:\/\/www.pagbrasil.com\/wp-content\/uploads\/2024\/02\/o-potencial-do-mercado-de-assinatura.jpg\",\"width\":1350,\"height\":1208,\"caption\":\"O potencial do mercado de assinatura\"},{\"@type\":\"BreadcrumbList\",\"@id\":\"https:\/\/www.pagbrasil.com\/pt-br\/blog\/noticias\/mercado-de-assinatura-conferencia-mg\/#breadcrumb\",\"itemListElement\":[{\"@type\":\"ListItem\",\"position\":1,\"name\":\"Home\",\"item\":\"https:\/\/www.pagbrasil.com\/pt-br\/\"},{\"@type\":\"ListItem\",\"position\":2,\"name\":\"Not\u00edcias\",\"item\":\"https:\/\/www.pagbrasil.com\/pt-br\/noticias\/\"},{\"@type\":\"ListItem\",\"position\":3,\"name\":\"PagBrasil e Coffee++ destacam o potencial do mercado de assinatura durante a Confer\u00eancia MG, realizada em Belo Horizonte\"}]},{\"@type\":\"WebSite\",\"@id\":\"https:\/\/www.pagbrasil.com\/pt-br\/#website\",\"url\":\"https:\/\/www.pagbrasil.com\/pt-br\/\",\"name\":\"PagBrasil\",\"description\":\"Processe seus pagamentos com PagBrasil, servi\u00e7o de pagamento online de excel\u00eancia para o Brasil, desenvolvido para empresas internacionais.\",\"publisher\":{\"@id\":\"https:\/\/www.pagbrasil.com\/pt-br\/#organization\"},\"potentialAction\":[{\"@type\":\"SearchAction\",\"target\":{\"@type\":\"EntryPoint\",\"urlTemplate\":\"https:\/\/www.pagbrasil.com\/pt-br\/?s={search_term_string}\"},\"query-input\":{\"@type\":\"PropertyValueSpecification\",\"valueRequired\":true,\"valueName\":\"search_term_string\"}}],\"inLanguage\":\"pt-BR\"},{\"@type\":\"Organization\",\"@id\":\"https:\/\/www.pagbrasil.com\/pt-br\/#organization\",\"name\":\"PagBrasil\",\"url\":\"https:\/\/www.pagbrasil.com\/pt-br\/\",\"logo\":{\"@type\":\"ImageObject\",\"inLanguage\":\"pt-BR\",\"@id\":\"https:\/\/www.pagbrasil.com\/pt-br\/#\/schema\/logo\/image\/\",\"url\":\"https:\/\/www.pagbrasil.com\/wp-content\/uploads\/2023\/03\/logo-PB-2.svg\",\"contentUrl\":\"https:\/\/www.pagbrasil.com\/wp-content\/uploads\/2023\/03\/logo-PB-2.svg\",\"width\":265,\"height\":64,\"caption\":\"PagBrasil\"},\"image\":{\"@id\":\"https:\/\/www.pagbrasil.com\/pt-br\/#\/schema\/logo\/image\/\"},\"sameAs\":[\"https:\/\/www.facebook.com\/pagbrasilpagamentos\",\"https:\/\/www.linkedin.com\/company\/pagbrasil-pagamentos-eletronicos-ltda\/\"]},{\"@type\":\"Person\",\"@id\":\"https:\/\/www.pagbrasil.com\/pt-br\/#\/schema\/person\/f209756c3b866be5fee7fb9e06959c7e\",\"name\":\"Cristiane Moro\",\"image\":{\"@type\":\"ImageObject\",\"inLanguage\":\"pt-BR\",\"@id\":\"https:\/\/www.pagbrasil.com\/pt-br\/#\/schema\/person\/image\/\",\"url\":\"https:\/\/secure.gravatar.com\/avatar\/0e0985d9e994efb18258cae18ae0848996bf3dfae9617af71434b3457eaee0c4?s=96&d=mm&r=g\",\"contentUrl\":\"https:\/\/secure.gravatar.com\/avatar\/0e0985d9e994efb18258cae18ae0848996bf3dfae9617af71434b3457eaee0c4?s=96&d=mm&r=g\",\"caption\":\"Cristiane Moro\"},\"description\":\"Cristiane Moro \u00e9 jornalista. Na PagBrasil, escreve sobre tecnologia, m\u00e9todos de pagamento, e-commerce e novidades da empresa.\",\"url\":\"https:\/\/www.pagbrasil.com\/pt-br\/blog\/author\/cristiane-moro\/\"}]}<\/script>\n<!-- \/ Yoast SEO plugin. -->","yoast_head_json":{"title":"PagBrasil e Coffee++ destacam o potencial do mercado de assinatura","description":"A PagBrasil e a Coffee++ abordaram a consolida\u00e7\u00e3o da Coffee++ com o digital \u2013 e o impacto de um clube de assinatura para o sucesso dessa estrat\u00e9gia.","robots":{"index":"index","follow":"follow","max-snippet":"max-snippet:-1","max-image-preview":"max-image-preview:large","max-video-preview":"max-video-preview:-1"},"canonical":"https:\/\/www.pagbrasil.com\/pt-br\/blog\/noticias\/mercado-de-assinatura-conferencia-mg\/","og_locale":"pt_BR","og_type":"article","og_title":"PagBrasil e Coffee++ destacam o potencial do mercado de assinatura","og_description":"A PagBrasil e a Coffee++ abordaram a consolida\u00e7\u00e3o da Coffee++ com o digital \u2013 e o impacto de um clube de assinatura para o sucesso dessa estrat\u00e9gia.","og_url":"https:\/\/www.pagbrasil.com\/pt-br\/blog\/noticias\/mercado-de-assinatura-conferencia-mg\/","og_site_name":"PagBrasil","article_publisher":"https:\/\/www.facebook.com\/pagbrasilpagamentos","article_published_time":"2024-02-07T18:13:30+00:00","article_modified_time":"2024-08-27T17:15:58+00:00","og_image":[{"width":1350,"height":1208,"url":"https:\/\/www.pagbrasil.com\/wp-content\/uploads\/2024\/02\/o-potencial-do-mercado-de-assinatura.jpg","type":"image\/jpeg"}],"author":"Cristiane Moro","twitter_card":"summary_large_image","twitter_misc":{"Escrito por":"Cristiane Moro","Est. tempo de leitura":"2 minutos"},"schema":{"@context":"https:\/\/schema.org","@graph":[{"@type":"Article","@id":"https:\/\/www.pagbrasil.com\/pt-br\/blog\/noticias\/mercado-de-assinatura-conferencia-mg\/#article","isPartOf":{"@id":"https:\/\/www.pagbrasil.com\/pt-br\/blog\/noticias\/mercado-de-assinatura-conferencia-mg\/"},"author":{"name":"Cristiane Moro","@id":"https:\/\/www.pagbrasil.com\/pt-br\/#\/schema\/person\/f209756c3b866be5fee7fb9e06959c7e"},"headline":"PagBrasil e Coffee++ destacam o potencial do mercado de assinatura durante a Confer\u00eancia MG, realizada em Belo Horizonte","datePublished":"2024-02-07T18:13:30+00:00","dateModified":"2024-08-27T17:15:58+00:00","mainEntityOfPage":{"@id":"https:\/\/www.pagbrasil.com\/pt-br\/blog\/noticias\/mercado-de-assinatura-conferencia-mg\/"},"wordCount":410,"commentCount":0,"publisher":{"@id":"https:\/\/www.pagbrasil.com\/pt-br\/#organization"},"image":{"@id":"https:\/\/www.pagbrasil.com\/pt-br\/blog\/noticias\/mercado-de-assinatura-conferencia-mg\/#primaryimage"},"thumbnailUrl":"https:\/\/www.pagbrasil.com\/wp-content\/uploads\/2024\/02\/o-potencial-do-mercado-de-assinatura.jpg","articleSection":["Insights","Not\u00edcias","Pagamento recorrente"],"inLanguage":"pt-BR","potentialAction":[{"@type":"CommentAction","name":"Comment","target":["https:\/\/www.pagbrasil.com\/pt-br\/blog\/noticias\/mercado-de-assinatura-conferencia-mg\/#respond"]}]},{"@type":"WebPage","@id":"https:\/\/www.pagbrasil.com\/pt-br\/blog\/noticias\/mercado-de-assinatura-conferencia-mg\/","url":"https:\/\/www.pagbrasil.com\/pt-br\/blog\/noticias\/mercado-de-assinatura-conferencia-mg\/","name":"PagBrasil e Coffee++ destacam o potencial do mercado de assinatura","isPartOf":{"@id":"https:\/\/www.pagbrasil.com\/pt-br\/#website"},"primaryImageOfPage":{"@id":"https:\/\/www.pagbrasil.com\/pt-br\/blog\/noticias\/mercado-de-assinatura-conferencia-mg\/#primaryimage"},"image":{"@id":"https:\/\/www.pagbrasil.com\/pt-br\/blog\/noticias\/mercado-de-assinatura-conferencia-mg\/#primaryimage"},"thumbnailUrl":"https:\/\/www.pagbrasil.com\/wp-content\/uploads\/2024\/02\/o-potencial-do-mercado-de-assinatura.jpg","datePublished":"2024-02-07T18:13:30+00:00","dateModified":"2024-08-27T17:15:58+00:00","description":"A PagBrasil e a Coffee++ abordaram a consolida\u00e7\u00e3o da Coffee++ com o digital \u2013 e o impacto de um clube de assinatura para o sucesso dessa estrat\u00e9gia.","breadcrumb":{"@id":"https:\/\/www.pagbrasil.com\/pt-br\/blog\/noticias\/mercado-de-assinatura-conferencia-mg\/#breadcrumb"},"inLanguage":"pt-BR","potentialAction":[{"@type":"ReadAction","target":["https:\/\/www.pagbrasil.com\/pt-br\/blog\/noticias\/mercado-de-assinatura-conferencia-mg\/"]}]},{"@type":"ImageObject","inLanguage":"pt-BR","@id":"https:\/\/www.pagbrasil.com\/pt-br\/blog\/noticias\/mercado-de-assinatura-conferencia-mg\/#primaryimage","url":"https:\/\/www.pagbrasil.com\/wp-content\/uploads\/2024\/02\/o-potencial-do-mercado-de-assinatura.jpg","contentUrl":"https:\/\/www.pagbrasil.com\/wp-content\/uploads\/2024\/02\/o-potencial-do-mercado-de-assinatura.jpg","width":1350,"height":1208,"caption":"O potencial do mercado de assinatura"},{"@type":"BreadcrumbList","@id":"https:\/\/www.pagbrasil.com\/pt-br\/blog\/noticias\/mercado-de-assinatura-conferencia-mg\/#breadcrumb","itemListElement":[{"@type":"ListItem","position":1,"name":"Home","item":"https:\/\/www.pagbrasil.com\/pt-br\/"},{"@type":"ListItem","position":2,"name":"Not\u00edcias","item":"https:\/\/www.pagbrasil.com\/pt-br\/noticias\/"},{"@type":"ListItem","position":3,"name":"PagBrasil e Coffee++ destacam o potencial do mercado de assinatura durante a Confer\u00eancia MG, realizada em Belo Horizonte"}]},{"@type":"WebSite","@id":"https:\/\/www.pagbrasil.com\/pt-br\/#website","url":"https:\/\/www.pagbrasil.com\/pt-br\/","name":"PagBrasil","description":"Processe seus pagamentos com PagBrasil, servi\u00e7o de pagamento online de excel\u00eancia para o Brasil, desenvolvido para empresas internacionais.","publisher":{"@id":"https:\/\/www.pagbrasil.com\/pt-br\/#organization"},"potentialAction":[{"@type":"SearchAction","target":{"@type":"EntryPoint","urlTemplate":"https:\/\/www.pagbrasil.com\/pt-br\/?s={search_term_string}"},"query-input":{"@type":"PropertyValueSpecification","valueRequired":true,"valueName":"search_term_string"}}],"inLanguage":"pt-BR"},{"@type":"Organization","@id":"https:\/\/www.pagbrasil.com\/pt-br\/#organization","name":"PagBrasil","url":"https:\/\/www.pagbrasil.com\/pt-br\/","logo":{"@type":"ImageObject","inLanguage":"pt-BR","@id":"https:\/\/www.pagbrasil.com\/pt-br\/#\/schema\/logo\/image\/","url":"https:\/\/www.pagbrasil.com\/wp-content\/uploads\/2023\/03\/logo-PB-2.svg","contentUrl":"https:\/\/www.pagbrasil.com\/wp-content\/uploads\/2023\/03\/logo-PB-2.svg","width":265,"height":64,"caption":"PagBrasil"},"image":{"@id":"https:\/\/www.pagbrasil.com\/pt-br\/#\/schema\/logo\/image\/"},"sameAs":["https:\/\/www.facebook.com\/pagbrasilpagamentos","https:\/\/www.linkedin.com\/company\/pagbrasil-pagamentos-eletronicos-ltda\/"]},{"@type":"Person","@id":"https:\/\/www.pagbrasil.com\/pt-br\/#\/schema\/person\/f209756c3b866be5fee7fb9e06959c7e","name":"Cristiane Moro","image":{"@type":"ImageObject","inLanguage":"pt-BR","@id":"https:\/\/www.pagbrasil.com\/pt-br\/#\/schema\/person\/image\/","url":"https:\/\/secure.gravatar.com\/avatar\/0e0985d9e994efb18258cae18ae0848996bf3dfae9617af71434b3457eaee0c4?s=96&d=mm&r=g","contentUrl":"https:\/\/secure.gravatar.com\/avatar\/0e0985d9e994efb18258cae18ae0848996bf3dfae9617af71434b3457eaee0c4?s=96&d=mm&r=g","caption":"Cristiane Moro"},"description":"Cristiane Moro \u00e9 jornalista. Na PagBrasil, escreve sobre tecnologia, m\u00e9todos de pagamento, e-commerce e novidades da empresa.","url":"https:\/\/www.pagbrasil.com\/pt-br\/blog\/author\/cristiane-moro\/"}]}},"_links":{"self":[{"href":"https:\/\/www.pagbrasil.com\/pt-br\/wp-json\/wp\/v2\/posts\/75189","targetHints":{"allow":["GET"]}}],"collection":[{"href":"https:\/\/www.pagbrasil.com\/pt-br\/wp-json\/wp\/v2\/posts"}],"about":[{"href":"https:\/\/www.pagbrasil.com\/pt-br\/wp-json\/wp\/v2\/types\/post"}],"author":[{"embeddable":true,"href":"https:\/\/www.pagbrasil.com\/pt-br\/wp-json\/wp\/v2\/users\/45"}],"replies":[{"embeddable":true,"href":"https:\/\/www.pagbrasil.com\/pt-br\/wp-json\/wp\/v2\/comments?post=75189"}],"version-history":[{"count":3,"href":"https:\/\/www.pagbrasil.com\/pt-br\/wp-json\/wp\/v2\/posts\/75189\/revisions"}],"predecessor-version":[{"id":75829,"href":"https:\/\/www.pagbrasil.com\/pt-br\/wp-json\/wp\/v2\/posts\/75189\/revisions\/75829"}],"wp:featuredmedia":[{"embeddable":true,"href":"https:\/\/www.pagbrasil.com\/pt-br\/wp-json\/wp\/v2\/media\/81247"}],"wp:attachment":[{"href":"https:\/\/www.pagbrasil.com\/pt-br\/wp-json\/wp\/v2\/media?parent=75189"}],"wp:term":[{"taxonomy":"category","embeddable":true,"href":"https:\/\/www.pagbrasil.com\/pt-br\/wp-json\/wp\/v2\/categories?post=75189"},{"taxonomy":"post_tag","embeddable":true,"href":"https:\/\/www.pagbrasil.com\/pt-br\/wp-json\/wp\/v2\/tags?post=75189"}],"curies":[{"name":"wp","href":"https:\/\/api.w.org\/{rel}","templated":true}]}}