{"id":71151,"date":"2024-05-28T10:19:14","date_gmt":"2024-05-28T13:19:14","guid":{"rendered":"https:\/\/www.pagbrasil.com\/?p=71151"},"modified":"2024-08-29T11:33:31","modified_gmt":"2024-08-29T14:33:31","slug":"forum-e-commerce-brasil-2024","status":"publish","type":"post","link":"https:\/\/www.pagbrasil.com\/pt-br\/blog\/eventos\/forum-e-commerce-brasil-2024\/","title":{"rendered":"F\u00f3rum E-commerce Brasil 2024"},"content":{"rendered":"<p>A PagBrasil \u00e9 presen\u00e7a confirmada no <a href=\"https:\/\/eventos.ecommercebrasil.com.br\/forum?utm_source=google&amp;utm_medium=cpc&amp;utm_campaign=adtail_ecbr&amp;utm_content=forum-search-lote2&amp;gad_source=1&amp;gclid=CjwKCAjwydSzBhBOEiwAj0XN4MqS41RVGEDFUB7JTvZi9__sQkesPXA3XQYucnR7XWQEffwCB9jcuhoChy4QAvD_BwE\" target=\"_blank\" rel=\"noopener\">F\u00f3rum E-commerce Brasil<\/a>, principal feira do setor da Am\u00e9rica Latina, que ocorre nos dias 30, 31 de julho e 1 de agosto em S\u00e3o Paulo. Para comportar o tamanho da edi\u00e7\u00e3o, que est\u00e1 50% maior em compara\u00e7\u00e3o ao ano passado, a 15\u00aa edi\u00e7\u00e3o do F\u00f3rum ser\u00e1 sediado no Distrito Anhembi.<\/p>\n<p>S\u00e3o esperados 25 mil participantes, que poder\u00e3o prestigiar mais de 270 expositores, 350 palestrantes e 30 \u00e1reas de conte\u00fado. O evento totaliza mais de 330 horas de experi\u00eancia e estima a gera\u00e7\u00e3o de 1,5 bi em neg\u00f3cios.<\/p>\n<p>A programa\u00e7\u00e3o completa ser\u00e1 disponibilizada 30 dias antes do evento. Na lista de palestrantes est\u00e3o nomes como: Daniela Cachich, Presidente da Ambev; Janu\u00e1ria Silveira, Latam Business Development Senior Director da Companhia Coca-Cola; Raul Jacob, Diretor de Marketplace da Shein e Ricardo Garrido, Diretor de Marketplace da Amazon.<\/p>\n<h2>PagBrasil Conecta<\/h2>\n<p>Com um espa\u00e7o de 140m\u00b2, oPagBrasil Conecta, nosso estande no evento, vai reunir todas as solu\u00e7\u00f5es que o seu neg\u00f3cio precisa para crescer no digital.<\/p>\n<p>A\u00a0<a href=\"https:\/\/neofeed.com.br\/negocios\/na-totvs-a-ordem-e-escalar-a-techfin-e-ha-bilhoes-de-motivos-para-isso\/\" target=\"_blank\" rel=\"noopener\"><strong>TOTVS<\/strong><\/a>, maior empresa de tecnologia do pa\u00eds e l\u00edder em sistemas e plataformas para neg\u00f3cios, ter\u00e1 um espa\u00e7o exclusivo dentro do nosso estande junto \u00e0 <a href=\"https:\/\/www.pagbrasil.com\/pt-br\/conteudo-shopify\/\" target=\"_blank\" rel=\"noopener\"><strong>Shopify<\/strong><\/a>, uma das principais plataformas de e-commerce do mundo.<\/p>\n<p>No estande PagBrasil Conecta voc\u00ea encontra tamb\u00e9m as ag\u00eancias e integradoras <a href=\"https:\/\/sejafigi.com.br\/\" target=\"_blank\" rel=\"noopener\">Figi<\/a>, <a href=\"https:\/\/shakersagencia.com.br\/\" target=\"_blank\" rel=\"noopener\">Shakers<\/a>, <a href=\"https:\/\/crpmango.com.br\/\" target=\"_blank\" rel=\"noopener\">CRPMango<\/a>, <a href=\"https:\/\/www.disco-tec.com\/\" target=\"_blank\" rel=\"noopener\">Disco<\/a> e <a href=\"https:\/\/www.backlgrs.com.br\/\" target=\"_blank\" rel=\"noopener\">Backlgrs<\/a>.<\/p>\n<p><a href=\"https:\/\/www.pagbrasil.com\/pt-br\/forum-ecommerce-brasil\/\" target=\"_blank\" rel=\"noopener\">Saiba mais sobre o nosso espa\u00e7o no F\u00f3rum E-commerce Brasil 2024<\/a>.<\/p>\n<h2><strong>Informa\u00e7\u00f5es sobre F\u00f3rum E-commerce Brasil 2024<\/strong><\/h2>\n<p><strong>Data:<\/strong> 30 e 31 de julho e 1 de agosto<\/p>\n<p><strong>Local:<\/strong> Distrito Anhembi | S\u00e3o Paulo \u2013 <a href=\"https:\/\/www.google.com\/maps\/search\/distrito+anhembi\/@-23.515701,-46.6405077,17z\/data=!3m1!4b1?entry=ttu\" target=\"_blank\" rel=\"noopener\">ver no Google Maps<\/a><\/p>\n<p>Esta \u00e9 uma grande oportunidade para falar sobre inova\u00e7\u00f5es e tend\u00eancias no e-commerce brasileiro. Adquira seu ingresso com 25% de desconto pelo <a href=\"https:\/\/eventos.ecommercebrasil.com.br\/forum#experiencias\" target=\"_blank\" rel=\"noopener\">site do evento<\/a> utilizando o c\u00f3digo F24PAGBRASIL<\/p>\n<p>O F\u00f3rum E-commerce Brasil \u00e9 um evento presencial, sem transmiss\u00e3o simult\u00e2nea. No entanto, todo o conte\u00fado ser\u00e1 disponibilizado no site do evento em at\u00e9 30 dias ap\u00f3s o encerramento.<\/p>\n<p>&nbsp;<\/p>\n","protected":false},"excerpt":{"rendered":"<p>A PagBrasil \u00e9 presen\u00e7a confirmada no F\u00f3rum E-commerce Brasil, principal feira do setor da Am\u00e9rica Latina, que ocorre nos dias [&#8230;]<\/p>\n","protected":false},"author":45,"featured_media":81463,"comment_status":"open","ping_status":"open","sticky":false,"template":"","format":"standard","meta":{"_acf_changed":false,"footnotes":""},"categories":[30],"tags":[],"class_list":["post-71151","post","type-post","status-publish","format-standard","has-post-thumbnail","hentry","category-eventos"],"acf":[],"yoast_head":"<!-- This site is optimized with the Yoast SEO plugin v25.7 - https:\/\/yoast.com\/wordpress\/plugins\/seo\/ -->\n<title>F\u00f3rum E-commerce Brasil 2024 | S\u00e3o Paulo, Brasil | 30 e 31 de julho e 1 de agosto<\/title>\n<meta name=\"description\" content=\"O F\u00f3rum E-commerce Brasil 2024 \u00e9 o maior evento de e-commerce da Am\u00e9rica Latina. A 15\u00aa edi\u00e7\u00e3o acontece nos dias 30 e 31 de julho e 1 de agosto.\" \/>\n<meta name=\"robots\" content=\"index, follow, max-snippet:-1, max-image-preview:large, max-video-preview:-1\" \/>\n<link rel=\"canonical\" href=\"https:\/\/www.pagbrasil.com\/pt-br\/blog\/eventos\/forum-e-commerce-brasil-2024\/\" \/>\n<meta property=\"og:locale\" content=\"pt_BR\" \/>\n<meta property=\"og:type\" content=\"article\" \/>\n<meta property=\"og:title\" content=\"F\u00f3rum E-commerce Brasil 2024 | S\u00e3o Paulo, Brasil | 30 e 31 de julho e 1 de agosto\" \/>\n<meta property=\"og:description\" content=\"O F\u00f3rum E-commerce Brasil 2024 \u00e9 o maior evento de e-commerce da Am\u00e9rica Latina. A 15\u00aa edi\u00e7\u00e3o acontece nos dias 30 e 31 de julho e 1 de agosto.\" \/>\n<meta property=\"og:url\" content=\"https:\/\/www.pagbrasil.com\/pt-br\/blog\/eventos\/forum-e-commerce-brasil-2024\/\" \/>\n<meta property=\"og:site_name\" content=\"PagBrasil\" \/>\n<meta property=\"article:publisher\" content=\"https:\/\/www.facebook.com\/pagbrasilpagamentos\" \/>\n<meta property=\"article:published_time\" content=\"2024-05-28T13:19:14+00:00\" \/>\n<meta property=\"article:modified_time\" content=\"2024-08-29T14:33:31+00:00\" \/>\n<meta property=\"og:image\" content=\"https:\/\/www.pagbrasil.com\/wp-content\/uploads\/2024\/05\/blog-img-forum-ecommerce-2024.jpg\" \/>\n\t<meta property=\"og:image:width\" content=\"1350\" \/>\n\t<meta property=\"og:image:height\" content=\"1208\" \/>\n\t<meta property=\"og:image:type\" content=\"image\/jpeg\" \/>\n<meta name=\"author\" content=\"Cristiane Moro\" \/>\n<meta name=\"twitter:card\" content=\"summary_large_image\" \/>\n<meta name=\"twitter:label1\" content=\"Escrito por\" \/>\n\t<meta name=\"twitter:data1\" content=\"Cristiane Moro\" \/>\n\t<meta name=\"twitter:label2\" content=\"Est. tempo de leitura\" \/>\n\t<meta name=\"twitter:data2\" content=\"2 minutos\" \/>\n<script type=\"application\/ld+json\" class=\"yoast-schema-graph\">{\"@context\":\"https:\/\/schema.org\",\"@graph\":[{\"@type\":\"Article\",\"@id\":\"https:\/\/www.pagbrasil.com\/pt-br\/blog\/eventos\/forum-e-commerce-brasil-2024\/#article\",\"isPartOf\":{\"@id\":\"https:\/\/www.pagbrasil.com\/pt-br\/blog\/eventos\/forum-e-commerce-brasil-2024\/\"},\"author\":{\"name\":\"Cristiane Moro\",\"@id\":\"https:\/\/www.pagbrasil.com\/pt-br\/#\/schema\/person\/f209756c3b866be5fee7fb9e06959c7e\"},\"headline\":\"F\u00f3rum E-commerce Brasil 2024\",\"datePublished\":\"2024-05-28T13:19:14+00:00\",\"dateModified\":\"2024-08-29T14:33:31+00:00\",\"mainEntityOfPage\":{\"@id\":\"https:\/\/www.pagbrasil.com\/pt-br\/blog\/eventos\/forum-e-commerce-brasil-2024\/\"},\"wordCount\":335,\"commentCount\":0,\"publisher\":{\"@id\":\"https:\/\/www.pagbrasil.com\/pt-br\/#organization\"},\"image\":{\"@id\":\"https:\/\/www.pagbrasil.com\/pt-br\/blog\/eventos\/forum-e-commerce-brasil-2024\/#primaryimage\"},\"thumbnailUrl\":\"https:\/\/www.pagbrasil.com\/wp-content\/uploads\/2024\/05\/blog-img-forum-ecommerce-2024.jpg\",\"articleSection\":[\"Eventos\"],\"inLanguage\":\"pt-BR\",\"potentialAction\":[{\"@type\":\"CommentAction\",\"name\":\"Comment\",\"target\":[\"https:\/\/www.pagbrasil.com\/pt-br\/blog\/eventos\/forum-e-commerce-brasil-2024\/#respond\"]}]},{\"@type\":\"WebPage\",\"@id\":\"https:\/\/www.pagbrasil.com\/pt-br\/blog\/eventos\/forum-e-commerce-brasil-2024\/\",\"url\":\"https:\/\/www.pagbrasil.com\/pt-br\/blog\/eventos\/forum-e-commerce-brasil-2024\/\",\"name\":\"F\u00f3rum E-commerce Brasil 2024 | S\u00e3o Paulo, Brasil | 30 e 31 de julho e 1 de agosto\",\"isPartOf\":{\"@id\":\"https:\/\/www.pagbrasil.com\/pt-br\/#website\"},\"primaryImageOfPage\":{\"@id\":\"https:\/\/www.pagbrasil.com\/pt-br\/blog\/eventos\/forum-e-commerce-brasil-2024\/#primaryimage\"},\"image\":{\"@id\":\"https:\/\/www.pagbrasil.com\/pt-br\/blog\/eventos\/forum-e-commerce-brasil-2024\/#primaryimage\"},\"thumbnailUrl\":\"https:\/\/www.pagbrasil.com\/wp-content\/uploads\/2024\/05\/blog-img-forum-ecommerce-2024.jpg\",\"datePublished\":\"2024-05-28T13:19:14+00:00\",\"dateModified\":\"2024-08-29T14:33:31+00:00\",\"description\":\"O F\u00f3rum E-commerce Brasil 2024 \u00e9 o maior evento de e-commerce da Am\u00e9rica Latina. A 15\u00aa edi\u00e7\u00e3o acontece nos dias 30 e 31 de julho e 1 de agosto.\",\"breadcrumb\":{\"@id\":\"https:\/\/www.pagbrasil.com\/pt-br\/blog\/eventos\/forum-e-commerce-brasil-2024\/#breadcrumb\"},\"inLanguage\":\"pt-BR\",\"potentialAction\":[{\"@type\":\"ReadAction\",\"target\":[\"https:\/\/www.pagbrasil.com\/pt-br\/blog\/eventos\/forum-e-commerce-brasil-2024\/\"]}]},{\"@type\":\"ImageObject\",\"inLanguage\":\"pt-BR\",\"@id\":\"https:\/\/www.pagbrasil.com\/pt-br\/blog\/eventos\/forum-e-commerce-brasil-2024\/#primaryimage\",\"url\":\"https:\/\/www.pagbrasil.com\/wp-content\/uploads\/2024\/05\/blog-img-forum-ecommerce-2024.jpg\",\"contentUrl\":\"https:\/\/www.pagbrasil.com\/wp-content\/uploads\/2024\/05\/blog-img-forum-ecommerce-2024.jpg\",\"width\":1350,\"height\":1208,\"caption\":\"Forum E-commerce Brasil 2024\"},{\"@type\":\"BreadcrumbList\",\"@id\":\"https:\/\/www.pagbrasil.com\/pt-br\/blog\/eventos\/forum-e-commerce-brasil-2024\/#breadcrumb\",\"itemListElement\":[{\"@type\":\"ListItem\",\"position\":1,\"name\":\"Home\",\"item\":\"https:\/\/www.pagbrasil.com\/pt-br\/\"},{\"@type\":\"ListItem\",\"position\":2,\"name\":\"Eventos\",\"item\":\"https:\/\/www.pagbrasil.com\/pt-br\/blog\/eventos\/\"},{\"@type\":\"ListItem\",\"position\":3,\"name\":\"F\u00f3rum E-commerce Brasil 2024\"}]},{\"@type\":\"WebSite\",\"@id\":\"https:\/\/www.pagbrasil.com\/pt-br\/#website\",\"url\":\"https:\/\/www.pagbrasil.com\/pt-br\/\",\"name\":\"PagBrasil\",\"description\":\"Processe seus pagamentos com PagBrasil, servi\u00e7o de pagamento online de excel\u00eancia para o Brasil, desenvolvido para empresas internacionais.\",\"publisher\":{\"@id\":\"https:\/\/www.pagbrasil.com\/pt-br\/#organization\"},\"potentialAction\":[{\"@type\":\"SearchAction\",\"target\":{\"@type\":\"EntryPoint\",\"urlTemplate\":\"https:\/\/www.pagbrasil.com\/pt-br\/?s={search_term_string}\"},\"query-input\":{\"@type\":\"PropertyValueSpecification\",\"valueRequired\":true,\"valueName\":\"search_term_string\"}}],\"inLanguage\":\"pt-BR\"},{\"@type\":\"Organization\",\"@id\":\"https:\/\/www.pagbrasil.com\/pt-br\/#organization\",\"name\":\"PagBrasil\",\"url\":\"https:\/\/www.pagbrasil.com\/pt-br\/\",\"logo\":{\"@type\":\"ImageObject\",\"inLanguage\":\"pt-BR\",\"@id\":\"https:\/\/www.pagbrasil.com\/pt-br\/#\/schema\/logo\/image\/\",\"url\":\"https:\/\/www.pagbrasil.com\/wp-content\/uploads\/2023\/03\/logo-PB-2.svg\",\"contentUrl\":\"https:\/\/www.pagbrasil.com\/wp-content\/uploads\/2023\/03\/logo-PB-2.svg\",\"width\":265,\"height\":64,\"caption\":\"PagBrasil\"},\"image\":{\"@id\":\"https:\/\/www.pagbrasil.com\/pt-br\/#\/schema\/logo\/image\/\"},\"sameAs\":[\"https:\/\/www.facebook.com\/pagbrasilpagamentos\",\"https:\/\/www.linkedin.com\/company\/pagbrasil-pagamentos-eletronicos-ltda\/\"]},{\"@type\":\"Person\",\"@id\":\"https:\/\/www.pagbrasil.com\/pt-br\/#\/schema\/person\/f209756c3b866be5fee7fb9e06959c7e\",\"name\":\"Cristiane Moro\",\"image\":{\"@type\":\"ImageObject\",\"inLanguage\":\"pt-BR\",\"@id\":\"https:\/\/www.pagbrasil.com\/pt-br\/#\/schema\/person\/image\/\",\"url\":\"https:\/\/secure.gravatar.com\/avatar\/0e0985d9e994efb18258cae18ae0848996bf3dfae9617af71434b3457eaee0c4?s=96&d=mm&r=g\",\"contentUrl\":\"https:\/\/secure.gravatar.com\/avatar\/0e0985d9e994efb18258cae18ae0848996bf3dfae9617af71434b3457eaee0c4?s=96&d=mm&r=g\",\"caption\":\"Cristiane Moro\"},\"description\":\"Cristiane Moro \u00e9 jornalista. Na PagBrasil, escreve sobre tecnologia, m\u00e9todos de pagamento, e-commerce e novidades da empresa.\",\"url\":\"https:\/\/www.pagbrasil.com\/pt-br\/blog\/author\/cristiane-moro\/\"}]}<\/script>\n<!-- \/ Yoast SEO plugin. -->","yoast_head_json":{"title":"F\u00f3rum E-commerce Brasil 2024 | S\u00e3o Paulo, Brasil | 30 e 31 de julho e 1 de agosto","description":"O F\u00f3rum E-commerce Brasil 2024 \u00e9 o maior evento de e-commerce da Am\u00e9rica Latina. A 15\u00aa edi\u00e7\u00e3o acontece nos dias 30 e 31 de julho e 1 de agosto.","robots":{"index":"index","follow":"follow","max-snippet":"max-snippet:-1","max-image-preview":"max-image-preview:large","max-video-preview":"max-video-preview:-1"},"canonical":"https:\/\/www.pagbrasil.com\/pt-br\/blog\/eventos\/forum-e-commerce-brasil-2024\/","og_locale":"pt_BR","og_type":"article","og_title":"F\u00f3rum E-commerce Brasil 2024 | S\u00e3o Paulo, Brasil | 30 e 31 de julho e 1 de agosto","og_description":"O F\u00f3rum E-commerce Brasil 2024 \u00e9 o maior evento de e-commerce da Am\u00e9rica Latina. A 15\u00aa edi\u00e7\u00e3o acontece nos dias 30 e 31 de julho e 1 de agosto.","og_url":"https:\/\/www.pagbrasil.com\/pt-br\/blog\/eventos\/forum-e-commerce-brasil-2024\/","og_site_name":"PagBrasil","article_publisher":"https:\/\/www.facebook.com\/pagbrasilpagamentos","article_published_time":"2024-05-28T13:19:14+00:00","article_modified_time":"2024-08-29T14:33:31+00:00","og_image":[{"width":1350,"height":1208,"url":"https:\/\/www.pagbrasil.com\/wp-content\/uploads\/2024\/05\/blog-img-forum-ecommerce-2024.jpg","type":"image\/jpeg"}],"author":"Cristiane Moro","twitter_card":"summary_large_image","twitter_misc":{"Escrito por":"Cristiane Moro","Est. tempo de leitura":"2 minutos"},"schema":{"@context":"https:\/\/schema.org","@graph":[{"@type":"Article","@id":"https:\/\/www.pagbrasil.com\/pt-br\/blog\/eventos\/forum-e-commerce-brasil-2024\/#article","isPartOf":{"@id":"https:\/\/www.pagbrasil.com\/pt-br\/blog\/eventos\/forum-e-commerce-brasil-2024\/"},"author":{"name":"Cristiane Moro","@id":"https:\/\/www.pagbrasil.com\/pt-br\/#\/schema\/person\/f209756c3b866be5fee7fb9e06959c7e"},"headline":"F\u00f3rum E-commerce Brasil 2024","datePublished":"2024-05-28T13:19:14+00:00","dateModified":"2024-08-29T14:33:31+00:00","mainEntityOfPage":{"@id":"https:\/\/www.pagbrasil.com\/pt-br\/blog\/eventos\/forum-e-commerce-brasil-2024\/"},"wordCount":335,"commentCount":0,"publisher":{"@id":"https:\/\/www.pagbrasil.com\/pt-br\/#organization"},"image":{"@id":"https:\/\/www.pagbrasil.com\/pt-br\/blog\/eventos\/forum-e-commerce-brasil-2024\/#primaryimage"},"thumbnailUrl":"https:\/\/www.pagbrasil.com\/wp-content\/uploads\/2024\/05\/blog-img-forum-ecommerce-2024.jpg","articleSection":["Eventos"],"inLanguage":"pt-BR","potentialAction":[{"@type":"CommentAction","name":"Comment","target":["https:\/\/www.pagbrasil.com\/pt-br\/blog\/eventos\/forum-e-commerce-brasil-2024\/#respond"]}]},{"@type":"WebPage","@id":"https:\/\/www.pagbrasil.com\/pt-br\/blog\/eventos\/forum-e-commerce-brasil-2024\/","url":"https:\/\/www.pagbrasil.com\/pt-br\/blog\/eventos\/forum-e-commerce-brasil-2024\/","name":"F\u00f3rum E-commerce Brasil 2024 | S\u00e3o Paulo, Brasil | 30 e 31 de julho e 1 de agosto","isPartOf":{"@id":"https:\/\/www.pagbrasil.com\/pt-br\/#website"},"primaryImageOfPage":{"@id":"https:\/\/www.pagbrasil.com\/pt-br\/blog\/eventos\/forum-e-commerce-brasil-2024\/#primaryimage"},"image":{"@id":"https:\/\/www.pagbrasil.com\/pt-br\/blog\/eventos\/forum-e-commerce-brasil-2024\/#primaryimage"},"thumbnailUrl":"https:\/\/www.pagbrasil.com\/wp-content\/uploads\/2024\/05\/blog-img-forum-ecommerce-2024.jpg","datePublished":"2024-05-28T13:19:14+00:00","dateModified":"2024-08-29T14:33:31+00:00","description":"O F\u00f3rum E-commerce Brasil 2024 \u00e9 o maior evento de e-commerce da Am\u00e9rica Latina. A 15\u00aa edi\u00e7\u00e3o acontece nos dias 30 e 31 de julho e 1 de agosto.","breadcrumb":{"@id":"https:\/\/www.pagbrasil.com\/pt-br\/blog\/eventos\/forum-e-commerce-brasil-2024\/#breadcrumb"},"inLanguage":"pt-BR","potentialAction":[{"@type":"ReadAction","target":["https:\/\/www.pagbrasil.com\/pt-br\/blog\/eventos\/forum-e-commerce-brasil-2024\/"]}]},{"@type":"ImageObject","inLanguage":"pt-BR","@id":"https:\/\/www.pagbrasil.com\/pt-br\/blog\/eventos\/forum-e-commerce-brasil-2024\/#primaryimage","url":"https:\/\/www.pagbrasil.com\/wp-content\/uploads\/2024\/05\/blog-img-forum-ecommerce-2024.jpg","contentUrl":"https:\/\/www.pagbrasil.com\/wp-content\/uploads\/2024\/05\/blog-img-forum-ecommerce-2024.jpg","width":1350,"height":1208,"caption":"Forum E-commerce Brasil 2024"},{"@type":"BreadcrumbList","@id":"https:\/\/www.pagbrasil.com\/pt-br\/blog\/eventos\/forum-e-commerce-brasil-2024\/#breadcrumb","itemListElement":[{"@type":"ListItem","position":1,"name":"Home","item":"https:\/\/www.pagbrasil.com\/pt-br\/"},{"@type":"ListItem","position":2,"name":"Eventos","item":"https:\/\/www.pagbrasil.com\/pt-br\/blog\/eventos\/"},{"@type":"ListItem","position":3,"name":"F\u00f3rum E-commerce Brasil 2024"}]},{"@type":"WebSite","@id":"https:\/\/www.pagbrasil.com\/pt-br\/#website","url":"https:\/\/www.pagbrasil.com\/pt-br\/","name":"PagBrasil","description":"Processe seus pagamentos com PagBrasil, servi\u00e7o de pagamento online de excel\u00eancia para o Brasil, desenvolvido para empresas internacionais.","publisher":{"@id":"https:\/\/www.pagbrasil.com\/pt-br\/#organization"},"potentialAction":[{"@type":"SearchAction","target":{"@type":"EntryPoint","urlTemplate":"https:\/\/www.pagbrasil.com\/pt-br\/?s={search_term_string}"},"query-input":{"@type":"PropertyValueSpecification","valueRequired":true,"valueName":"search_term_string"}}],"inLanguage":"pt-BR"},{"@type":"Organization","@id":"https:\/\/www.pagbrasil.com\/pt-br\/#organization","name":"PagBrasil","url":"https:\/\/www.pagbrasil.com\/pt-br\/","logo":{"@type":"ImageObject","inLanguage":"pt-BR","@id":"https:\/\/www.pagbrasil.com\/pt-br\/#\/schema\/logo\/image\/","url":"https:\/\/www.pagbrasil.com\/wp-content\/uploads\/2023\/03\/logo-PB-2.svg","contentUrl":"https:\/\/www.pagbrasil.com\/wp-content\/uploads\/2023\/03\/logo-PB-2.svg","width":265,"height":64,"caption":"PagBrasil"},"image":{"@id":"https:\/\/www.pagbrasil.com\/pt-br\/#\/schema\/logo\/image\/"},"sameAs":["https:\/\/www.facebook.com\/pagbrasilpagamentos","https:\/\/www.linkedin.com\/company\/pagbrasil-pagamentos-eletronicos-ltda\/"]},{"@type":"Person","@id":"https:\/\/www.pagbrasil.com\/pt-br\/#\/schema\/person\/f209756c3b866be5fee7fb9e06959c7e","name":"Cristiane Moro","image":{"@type":"ImageObject","inLanguage":"pt-BR","@id":"https:\/\/www.pagbrasil.com\/pt-br\/#\/schema\/person\/image\/","url":"https:\/\/secure.gravatar.com\/avatar\/0e0985d9e994efb18258cae18ae0848996bf3dfae9617af71434b3457eaee0c4?s=96&d=mm&r=g","contentUrl":"https:\/\/secure.gravatar.com\/avatar\/0e0985d9e994efb18258cae18ae0848996bf3dfae9617af71434b3457eaee0c4?s=96&d=mm&r=g","caption":"Cristiane Moro"},"description":"Cristiane Moro \u00e9 jornalista. Na PagBrasil, escreve sobre tecnologia, m\u00e9todos de pagamento, e-commerce e novidades da empresa.","url":"https:\/\/www.pagbrasil.com\/pt-br\/blog\/author\/cristiane-moro\/"}]}},"_links":{"self":[{"href":"https:\/\/www.pagbrasil.com\/pt-br\/wp-json\/wp\/v2\/posts\/71151","targetHints":{"allow":["GET"]}}],"collection":[{"href":"https:\/\/www.pagbrasil.com\/pt-br\/wp-json\/wp\/v2\/posts"}],"about":[{"href":"https:\/\/www.pagbrasil.com\/pt-br\/wp-json\/wp\/v2\/types\/post"}],"author":[{"embeddable":true,"href":"https:\/\/www.pagbrasil.com\/pt-br\/wp-json\/wp\/v2\/users\/45"}],"replies":[{"embeddable":true,"href":"https:\/\/www.pagbrasil.com\/pt-br\/wp-json\/wp\/v2\/comments?post=71151"}],"version-history":[{"count":17,"href":"https:\/\/www.pagbrasil.com\/pt-br\/wp-json\/wp\/v2\/posts\/71151\/revisions"}],"predecessor-version":[{"id":79895,"href":"https:\/\/www.pagbrasil.com\/pt-br\/wp-json\/wp\/v2\/posts\/71151\/revisions\/79895"}],"wp:featuredmedia":[{"embeddable":true,"href":"https:\/\/www.pagbrasil.com\/pt-br\/wp-json\/wp\/v2\/media\/81463"}],"wp:attachment":[{"href":"https:\/\/www.pagbrasil.com\/pt-br\/wp-json\/wp\/v2\/media?parent=71151"}],"wp:term":[{"taxonomy":"category","embeddable":true,"href":"https:\/\/www.pagbrasil.com\/pt-br\/wp-json\/wp\/v2\/categories?post=71151"},{"taxonomy":"post_tag","embeddable":true,"href":"https:\/\/www.pagbrasil.com\/pt-br\/wp-json\/wp\/v2\/tags?post=71151"}],"curies":[{"name":"wp","href":"https:\/\/api.w.org\/{rel}","templated":true}]}}