{"id":68893,"date":"2023-02-20T12:05:43","date_gmt":"2023-02-20T15:05:43","guid":{"rendered":"https:\/\/www.pagbrasil.com\/?p=68893"},"modified":"2024-08-27T15:06:48","modified_gmt":"2024-08-27T18:06:48","slug":"webinar-o-comportamento-do-varejo-online-nrf-2023","status":"publish","type":"post","link":"https:\/\/www.pagbrasil.com\/pt-br\/blog\/eventos\/webinar-o-comportamento-do-varejo-online-nrf-2023\/","title":{"rendered":"Webinar: o comportamento do varejo online sob a \u00f3ptica de uma NRF 2023 mais \u201cp\u00e9 no ch\u00e3o\u201d"},"content":{"rendered":"<p><i><span data-contrast=\"auto\">Para analisar o comportamento do varejo online p\u00f3s NRF 2023, a PagBrasil realizou um webinar com a participa\u00e7\u00e3o de Marcelo Fischer, da Shopify, Simone Sancho, CEO da Belong Be, e Alexandre Oliveira, da PagBrasil, sob media\u00e7\u00e3o da jornalista Patricia Comunello, do Jornal do Com\u00e9rcio (RS).<\/span><\/i><span data-ccp-props=\"{&quot;201341983&quot;:0,&quot;335559739&quot;:160,&quot;335559740&quot;:259}\">\u00a0<\/span><\/p>\n<p><span data-contrast=\"auto\">O que ser\u00e1 tend\u00eancia no varejo, especialmente no varejo online neste ano, foi analisado no webinar &#8220;P\u00f3s-NRF: Tend\u00eancias para o e-commerce em 2023&#8221;, promovido pela PagBrasil e apoiado pelas ag\u00eancias <\/span><a href=\"https:\/\/alfinet.com.br\/\" target=\"_blank\" rel=\"noopener\"><span data-contrast=\"none\">Alfinet<\/span><\/a><span data-contrast=\"auto\">, <\/span><a href=\"https:\/\/alce.rocks\/\" target=\"_blank\" rel=\"noopener\"><span data-contrast=\"none\">Alce Rocks<\/span><\/a><span data-contrast=\"auto\"> e <\/span><a href=\"https:\/\/checkstore.com.br\/\" target=\"_blank\" rel=\"noopener\"><span data-contrast=\"none\">CheckStore<\/span><\/a><span data-contrast=\"auto\">.<\/span><span data-ccp-props=\"{&quot;201341983&quot;:0,&quot;335559739&quot;:160,&quot;335559740&quot;:259}\">\u00a0<\/span><\/p>\n<p><span data-contrast=\"auto\">O evento teve a participa\u00e7\u00e3o de Marcelo Fischer, Leading Business Development da <\/span><a href=\"https:\/\/www.shopify.com\/\" target=\"_blank\" rel=\"noopener\"><span data-contrast=\"none\">Shopify<\/span><\/a><span data-contrast=\"auto\">, Simone Sancho, CEO da <\/span><a href=\"https:\/\/belongbe.com\/\" target=\"_blank\" rel=\"noopener\"><span data-contrast=\"none\">Belong Be<\/span><\/a><span data-contrast=\"auto\">, e Alexandre Guilherme Oliveira, Head of Sales da PagBrasil. A media\u00e7\u00e3o da conversa ficou a cargo de Patricia Comunello, jornalista respons\u00e1vel pela coluna <\/span><a href=\"https:\/\/www.jornaldocomercio.com\/colunas\/minuto-varejo\" target=\"_blank\" rel=\"noopener\"><span data-contrast=\"none\">Minuto Varejo do Jornal do Com\u00e9rcio (RS)<\/span><\/a><span data-contrast=\"auto\">.<\/span><span data-ccp-props=\"{&quot;201341983&quot;:0,&quot;335559739&quot;:160,&quot;335559740&quot;:259}\">\u00a0<\/span><\/p>\n<p><span data-contrast=\"auto\">N\u00e3o conseguiu assistir? Ent\u00e3o confira agora o webinar completo:<\/span><span data-ccp-props=\"{&quot;201341983&quot;:0,&quot;335559739&quot;:160,&quot;335559740&quot;:259}\">\u00a0<\/span><\/p>\n<h2><span data-contrast=\"auto\">Principais insights do bate-papo, com aten\u00e7\u00e3o ao varejo online<\/span><span data-ccp-props=\"{&quot;201341983&quot;:0,&quot;335559739&quot;:160,&quot;335559740&quot;:259}\">\u00a0<\/span><\/h2>\n<p><span data-contrast=\"auto\">Marcelo Fisher, Simone Sancho e a jornalista Patricia Comunello visitaram o <\/span><a href=\"https:\/\/nrfbigshow.nrf.com\/\" target=\"_blank\" rel=\"noopener\"><span data-contrast=\"none\">NRF Retail\u2019s Big Show 2023<\/span><\/a><span data-contrast=\"auto\"> e trouxeram insights muito importantes para o debate, que se relacionaram diretamente \u00e0 PagBrasil e como podemos contribuir com o varejo digital.<\/span><span data-ccp-props=\"{&quot;201341983&quot;:0,&quot;335559739&quot;:160,&quot;335559740&quot;:259}\">\u00a0<\/span><\/p>\n<h3><span data-contrast=\"auto\">Uma NRF mais \u201cp\u00e9 no ch\u00e3o\u201d<\/span><span data-ccp-props=\"{&quot;201341983&quot;:0,&quot;335559739&quot;:160,&quot;335559740&quot;:259}\">\u00a0<\/span><\/h3>\n<p><span data-contrast=\"auto\">De acordo com Simone Sancho, em concord\u00e2ncia com a vis\u00e3o dos demais participantes, o que se p\u00f4de observar na NRF 2023 foi um evento com tend\u00eancias muito mais \u201cp\u00e9 no ch\u00e3o\u201d e nada de \u201cpirotecnia\u201d. Para a empres\u00e1ria, a mensagem que fica \u00e9: \u201cFa\u00e7a o b\u00e1sico bem feito\u201d.<\/span><span data-ccp-props=\"{&quot;134233117&quot;:false,&quot;134233118&quot;:false,&quot;201341983&quot;:0,&quot;335551550&quot;:1,&quot;335551620&quot;:1,&quot;335559685&quot;:0,&quot;335559737&quot;:0,&quot;335559738&quot;:0,&quot;335559739&quot;:160,&quot;335559740&quot;:259}\">\u00a0<\/span><\/p>\n<h3><span data-contrast=\"auto\">A atual conjuntura econ\u00f4mica pode afetar os neg\u00f3cios?<\/span><span data-ccp-props=\"{&quot;134233117&quot;:false,&quot;134233118&quot;:false,&quot;201341983&quot;:0,&quot;335551550&quot;:1,&quot;335551620&quot;:1,&quot;335559685&quot;:0,&quot;335559737&quot;:0,&quot;335559738&quot;:0,&quot;335559739&quot;:160,&quot;335559740&quot;:259}\">\u00a0<\/span><\/h3>\n<p><span data-contrast=\"auto\">Adapta\u00e7\u00e3o e inova\u00e7\u00e3o, ou seja, resili\u00eancia, pode ser o diferencial para um varejo de sucesso em 2023. \u00c9 o que apontou Marcelo Fisher, ao analisar a atual conjuntura econ\u00f4mica mundial, com foco no paralelo entre os cen\u00e1rios de Estados Unidos e Brasil.<\/span><span data-ccp-props=\"{&quot;134233117&quot;:false,&quot;134233118&quot;:false,&quot;201341983&quot;:0,&quot;335551550&quot;:1,&quot;335551620&quot;:1,&quot;335559685&quot;:0,&quot;335559737&quot;:0,&quot;335559738&quot;:0,&quot;335559739&quot;:160,&quot;335559740&quot;:259}\">\u00a0<\/span><\/p>\n<h3><span data-contrast=\"auto\">Valorize suas comunidades<\/span><span data-ccp-props=\"{&quot;134233117&quot;:false,&quot;134233118&quot;:false,&quot;201341983&quot;:0,&quot;335551550&quot;:1,&quot;335551620&quot;:1,&quot;335559685&quot;:0,&quot;335559737&quot;:0,&quot;335559738&quot;:0,&quot;335559739&quot;:160,&quot;335559740&quot;:259}\">\u00a0<\/span><\/h3>\n<p><span data-contrast=\"auto\">Valorizar o relacionamento com os consumidores ser\u00e1 fundamental para se destacar no varejo em 2023. E mais: criar comunidades dentro de sua marca e collabs com marcas parceiras, pode engajar ainda mais seus clientes e despertar maior interesse de novos consumidores.<\/span><span data-ccp-props=\"{&quot;134233117&quot;:false,&quot;134233118&quot;:false,&quot;201341983&quot;:0,&quot;335551550&quot;:1,&quot;335551620&quot;:1,&quot;335559685&quot;:0,&quot;335559737&quot;:0,&quot;335559738&quot;:0,&quot;335559739&quot;:160,&quot;335559740&quot;:259}\">\u00a0<\/span><\/p>\n<h3><span data-contrast=\"auto\">O \u201cf\u00edgital\u201d \u00e9 uma tend\u00eancia<\/span><span data-ccp-props=\"{&quot;134233117&quot;:false,&quot;134233118&quot;:false,&quot;201341983&quot;:0,&quot;335551550&quot;:1,&quot;335551620&quot;:1,&quot;335559685&quot;:0,&quot;335559737&quot;:0,&quot;335559738&quot;:0,&quot;335559739&quot;:160,&quot;335559740&quot;:259}\">\u00a0<\/span><\/h3>\n<p><span data-contrast=\"auto\">\u201cO digital n\u00e3o \u00e9 um lugar, \u00e9 um processo\u201d, aponta Marcelo Fisher ao salientar a conex\u00e3o entre o f\u00edsico e o digital. Conforme os participantes, ambos os modelos de neg\u00f3cio est\u00e3o interligados cada vez mais e, portanto, deve-se explorar todas as possibilidades, com foco sempre na melhor experi\u00eancia do cliente.<\/span><span data-ccp-props=\"{&quot;134233117&quot;:false,&quot;134233118&quot;:false,&quot;201341983&quot;:0,&quot;335551550&quot;:1,&quot;335551620&quot;:1,&quot;335559685&quot;:0,&quot;335559737&quot;:0,&quot;335559738&quot;:0,&quot;335559739&quot;:160,&quot;335559740&quot;:259}\">\u00a0<\/span><\/p>\n<h3><span data-contrast=\"auto\">Tenha os parceiros ideais e foque no neg\u00f3cio<\/span><span data-ccp-props=\"{&quot;134233117&quot;:false,&quot;134233118&quot;:false,&quot;201341983&quot;:0,&quot;335551550&quot;:1,&quot;335551620&quot;:1,&quot;335559685&quot;:0,&quot;335559737&quot;:0,&quot;335559738&quot;:0,&quot;335559739&quot;:160,&quot;335559740&quot;:259}\">\u00a0<\/span><\/h3>\n<p><span data-contrast=\"auto\">E para ter uma empresa de sucesso em 2023 no varejo online \u00e9 preciso contar com parceiros que contribuam para a escalada do neg\u00f3cio e que permitam ao lojista focar em suas estrat\u00e9gias de relacionamento com o cliente, sem nenhuma complexidade. \u201cBusquem ferramentas e parceiros que tragam a praticidade da execu\u00e7\u00e3o para sua realidade cotidiana\u201d, refor\u00e7a Alexandre Oliveira.<\/span><span data-ccp-props=\"{&quot;134233117&quot;:false,&quot;134233118&quot;:false,&quot;201341983&quot;:0,&quot;335551550&quot;:1,&quot;335551620&quot;:1,&quot;335559685&quot;:0,&quot;335559737&quot;:0,&quot;335559738&quot;:0,&quot;335559739&quot;:160,&quot;335559740&quot;:259}\">\u00a0<\/span><\/p>\n<p><b><span data-contrast=\"auto\">Leia mais:<\/span><\/b> <a href=\"https:\/\/www.pagbrasil.com\/pt-br\/noticias\/processador-de-pagamento-shopify\/\" target=\"_blank\" rel=\"noopener\"><span data-contrast=\"none\">Processador de pagamento para Shopify: qual PSP escolher para aumentar suas convers\u00f5es?<\/span><\/a><span data-ccp-props=\"{&quot;201341983&quot;:0,&quot;335559739&quot;:160,&quot;335559740&quot;:259}\">\u00a0<\/span><\/p>\n<p><span data-contrast=\"auto\">A NRF \u00e9 o maior evento de varejo mundial e, em 2023, foi realizada em Nova York (EUA). O evento contou com mais de <\/span><a href=\"https:\/\/olhardigital.com.br\/2023\/01\/23\/colunistas\/nrf-2023-tendencias-sobre-dados-personalizacao-e-experiencia-do-cliente\/\" target=\"_blank\" rel=\"noopener\"><span data-contrast=\"none\">35 mil participantes<\/span><\/a><span data-contrast=\"auto\"> entre os dias 15 e 17 de janeiro.<\/span><span data-ccp-props=\"{&quot;201341983&quot;:0,&quot;335559739&quot;:160,&quot;335559740&quot;:259}\">\u00a0<\/span><\/p>\n<p><span data-contrast=\"auto\">Saiba como a PagBrasil tem contribu\u00eddo na potencializa\u00e7\u00e3o de neg\u00f3cios, no varejo digital: entre em <\/span><a href=\"https:\/\/www.pagbrasil.com\/pt-br\/blog\/\" target=\"_blank\" rel=\"noopener\"><span data-contrast=\"none\">contato<\/span><\/a><span data-contrast=\"auto\">!<\/span><span data-ccp-props=\"{&quot;201341983&quot;:0,&quot;335559739&quot;:160,&quot;335559740&quot;:259}\">\u00a0<\/span><\/p>\n","protected":false},"excerpt":{"rendered":"<p>Para analisar o comportamento do varejo online p\u00f3s NRF 2023, a PagBrasil realizou um webinar com a participa\u00e7\u00e3o de Marcelo [&#8230;]<\/p>\n","protected":false},"author":23,"featured_media":81299,"comment_status":"open","ping_status":"open","sticky":false,"template":"","format":"standard","meta":{"_acf_changed":false,"footnotes":""},"categories":[30,82,112],"tags":[],"class_list":["post-68893","post","type-post","status-publish","format-standard","has-post-thumbnail","hentry","category-eventos","category-insights","category-shopify"],"acf":[],"yoast_head":"<!-- This site is optimized with the Yoast SEO plugin v25.7 - https:\/\/yoast.com\/wordpress\/plugins\/seo\/ -->\n<title>O comportamento do varejo online sob a \u00f3ptica da NRF 2023<\/title>\n<meta name=\"description\" content=\"Para analisar as tend\u00eancias no varejo online, p\u00f3s NRF 2023, a PagBrasil realizou um webinar com grandes nomes do e-commerce brasileiro.\u00a0Veja!\" \/>\n<meta name=\"robots\" content=\"index, follow, max-snippet:-1, max-image-preview:large, max-video-preview:-1\" \/>\n<link rel=\"canonical\" href=\"https:\/\/www.pagbrasil.com\/pt-br\/blog\/eventos\/webinar-o-comportamento-do-varejo-online-nrf-2023\/\" \/>\n<meta property=\"og:locale\" content=\"pt_BR\" \/>\n<meta property=\"og:type\" content=\"article\" \/>\n<meta property=\"og:title\" content=\"O comportamento do varejo online sob a \u00f3ptica da NRF 2023\" \/>\n<meta property=\"og:description\" content=\"Para analisar as tend\u00eancias no varejo online, p\u00f3s NRF 2023, a PagBrasil realizou um webinar com grandes nomes do e-commerce brasileiro.\u00a0Veja!\" \/>\n<meta property=\"og:url\" content=\"https:\/\/www.pagbrasil.com\/pt-br\/blog\/eventos\/webinar-o-comportamento-do-varejo-online-nrf-2023\/\" \/>\n<meta property=\"og:site_name\" content=\"PagBrasil\" \/>\n<meta property=\"article:publisher\" content=\"https:\/\/www.facebook.com\/pagbrasilpagamentos\" \/>\n<meta property=\"article:published_time\" content=\"2023-02-20T15:05:43+00:00\" \/>\n<meta property=\"article:modified_time\" content=\"2024-08-27T18:06:48+00:00\" \/>\n<meta property=\"og:image\" content=\"https:\/\/www.pagbrasil.com\/wp-content\/uploads\/2023\/02\/Webinar-o-comportamento-do-varejo-online.jpg\" \/>\n\t<meta property=\"og:image:width\" content=\"1305\" \/>\n\t<meta property=\"og:image:height\" content=\"1167\" \/>\n\t<meta property=\"og:image:type\" content=\"image\/jpeg\" \/>\n<meta name=\"author\" content=\"Tamiris Souza\" \/>\n<meta name=\"twitter:card\" content=\"summary_large_image\" \/>\n<meta name=\"twitter:label1\" content=\"Escrito por\" \/>\n\t<meta name=\"twitter:data1\" content=\"Tamiris Souza\" \/>\n\t<meta name=\"twitter:label2\" content=\"Est. tempo de leitura\" \/>\n\t<meta name=\"twitter:data2\" content=\"3 minutos\" \/>\n<script type=\"application\/ld+json\" class=\"yoast-schema-graph\">{\"@context\":\"https:\/\/schema.org\",\"@graph\":[{\"@type\":\"Article\",\"@id\":\"https:\/\/www.pagbrasil.com\/pt-br\/blog\/eventos\/webinar-o-comportamento-do-varejo-online-nrf-2023\/#article\",\"isPartOf\":{\"@id\":\"https:\/\/www.pagbrasil.com\/pt-br\/blog\/eventos\/webinar-o-comportamento-do-varejo-online-nrf-2023\/\"},\"author\":{\"name\":\"Tamiris Souza\",\"@id\":\"https:\/\/www.pagbrasil.com\/pt-br\/#\/schema\/person\/bd9f5cc718caa06a7a114678d61a59de\"},\"headline\":\"Webinar: o comportamento do varejo online sob a \u00f3ptica de uma NRF 2023 mais \u201cp\u00e9 no ch\u00e3o\u201d\",\"datePublished\":\"2023-02-20T15:05:43+00:00\",\"dateModified\":\"2024-08-27T18:06:48+00:00\",\"mainEntityOfPage\":{\"@id\":\"https:\/\/www.pagbrasil.com\/pt-br\/blog\/eventos\/webinar-o-comportamento-do-varejo-online-nrf-2023\/\"},\"wordCount\":566,\"commentCount\":0,\"publisher\":{\"@id\":\"https:\/\/www.pagbrasil.com\/pt-br\/#organization\"},\"image\":{\"@id\":\"https:\/\/www.pagbrasil.com\/pt-br\/blog\/eventos\/webinar-o-comportamento-do-varejo-online-nrf-2023\/#primaryimage\"},\"thumbnailUrl\":\"https:\/\/www.pagbrasil.com\/wp-content\/uploads\/2023\/02\/Webinar-o-comportamento-do-varejo-online.jpg\",\"articleSection\":[\"Eventos\",\"Insights\",\"Shopify\"],\"inLanguage\":\"pt-BR\",\"potentialAction\":[{\"@type\":\"CommentAction\",\"name\":\"Comment\",\"target\":[\"https:\/\/www.pagbrasil.com\/pt-br\/blog\/eventos\/webinar-o-comportamento-do-varejo-online-nrf-2023\/#respond\"]}]},{\"@type\":\"WebPage\",\"@id\":\"https:\/\/www.pagbrasil.com\/pt-br\/blog\/eventos\/webinar-o-comportamento-do-varejo-online-nrf-2023\/\",\"url\":\"https:\/\/www.pagbrasil.com\/pt-br\/blog\/eventos\/webinar-o-comportamento-do-varejo-online-nrf-2023\/\",\"name\":\"O comportamento do varejo online sob a \u00f3ptica da NRF 2023\",\"isPartOf\":{\"@id\":\"https:\/\/www.pagbrasil.com\/pt-br\/#website\"},\"primaryImageOfPage\":{\"@id\":\"https:\/\/www.pagbrasil.com\/pt-br\/blog\/eventos\/webinar-o-comportamento-do-varejo-online-nrf-2023\/#primaryimage\"},\"image\":{\"@id\":\"https:\/\/www.pagbrasil.com\/pt-br\/blog\/eventos\/webinar-o-comportamento-do-varejo-online-nrf-2023\/#primaryimage\"},\"thumbnailUrl\":\"https:\/\/www.pagbrasil.com\/wp-content\/uploads\/2023\/02\/Webinar-o-comportamento-do-varejo-online.jpg\",\"datePublished\":\"2023-02-20T15:05:43+00:00\",\"dateModified\":\"2024-08-27T18:06:48+00:00\",\"description\":\"Para analisar as tend\u00eancias no varejo online, p\u00f3s NRF 2023, a PagBrasil realizou um webinar com grandes nomes do e-commerce brasileiro.\u00a0Veja!\",\"breadcrumb\":{\"@id\":\"https:\/\/www.pagbrasil.com\/pt-br\/blog\/eventos\/webinar-o-comportamento-do-varejo-online-nrf-2023\/#breadcrumb\"},\"inLanguage\":\"pt-BR\",\"potentialAction\":[{\"@type\":\"ReadAction\",\"target\":[\"https:\/\/www.pagbrasil.com\/pt-br\/blog\/eventos\/webinar-o-comportamento-do-varejo-online-nrf-2023\/\"]}]},{\"@type\":\"ImageObject\",\"inLanguage\":\"pt-BR\",\"@id\":\"https:\/\/www.pagbrasil.com\/pt-br\/blog\/eventos\/webinar-o-comportamento-do-varejo-online-nrf-2023\/#primaryimage\",\"url\":\"https:\/\/www.pagbrasil.com\/wp-content\/uploads\/2023\/02\/Webinar-o-comportamento-do-varejo-online.jpg\",\"contentUrl\":\"https:\/\/www.pagbrasil.com\/wp-content\/uploads\/2023\/02\/Webinar-o-comportamento-do-varejo-online.jpg\",\"width\":1305,\"height\":1167,\"caption\":\"Webinar o comportamento do varejo online\"},{\"@type\":\"BreadcrumbList\",\"@id\":\"https:\/\/www.pagbrasil.com\/pt-br\/blog\/eventos\/webinar-o-comportamento-do-varejo-online-nrf-2023\/#breadcrumb\",\"itemListElement\":[{\"@type\":\"ListItem\",\"position\":1,\"name\":\"Home\",\"item\":\"https:\/\/www.pagbrasil.com\/pt-br\/\"},{\"@type\":\"ListItem\",\"position\":2,\"name\":\"Eventos\",\"item\":\"https:\/\/www.pagbrasil.com\/pt-br\/blog\/eventos\/\"},{\"@type\":\"ListItem\",\"position\":3,\"name\":\"Webinar: o comportamento do varejo online sob a \u00f3ptica de uma NRF 2023 mais \u201cp\u00e9 no ch\u00e3o\u201d\"}]},{\"@type\":\"WebSite\",\"@id\":\"https:\/\/www.pagbrasil.com\/pt-br\/#website\",\"url\":\"https:\/\/www.pagbrasil.com\/pt-br\/\",\"name\":\"PagBrasil\",\"description\":\"Processe seus pagamentos com PagBrasil, servi\u00e7o de pagamento online de excel\u00eancia para o Brasil, desenvolvido para empresas internacionais.\",\"publisher\":{\"@id\":\"https:\/\/www.pagbrasil.com\/pt-br\/#organization\"},\"potentialAction\":[{\"@type\":\"SearchAction\",\"target\":{\"@type\":\"EntryPoint\",\"urlTemplate\":\"https:\/\/www.pagbrasil.com\/pt-br\/?s={search_term_string}\"},\"query-input\":{\"@type\":\"PropertyValueSpecification\",\"valueRequired\":true,\"valueName\":\"search_term_string\"}}],\"inLanguage\":\"pt-BR\"},{\"@type\":\"Organization\",\"@id\":\"https:\/\/www.pagbrasil.com\/pt-br\/#organization\",\"name\":\"PagBrasil\",\"url\":\"https:\/\/www.pagbrasil.com\/pt-br\/\",\"logo\":{\"@type\":\"ImageObject\",\"inLanguage\":\"pt-BR\",\"@id\":\"https:\/\/www.pagbrasil.com\/pt-br\/#\/schema\/logo\/image\/\",\"url\":\"https:\/\/www.pagbrasil.com\/wp-content\/uploads\/2023\/03\/logo-PB-2.svg\",\"contentUrl\":\"https:\/\/www.pagbrasil.com\/wp-content\/uploads\/2023\/03\/logo-PB-2.svg\",\"width\":265,\"height\":64,\"caption\":\"PagBrasil\"},\"image\":{\"@id\":\"https:\/\/www.pagbrasil.com\/pt-br\/#\/schema\/logo\/image\/\"},\"sameAs\":[\"https:\/\/www.facebook.com\/pagbrasilpagamentos\",\"https:\/\/www.linkedin.com\/company\/pagbrasil-pagamentos-eletronicos-ltda\/\"]},{\"@type\":\"Person\",\"@id\":\"https:\/\/www.pagbrasil.com\/pt-br\/#\/schema\/person\/bd9f5cc718caa06a7a114678d61a59de\",\"name\":\"Tamiris Souza\",\"image\":{\"@type\":\"ImageObject\",\"inLanguage\":\"pt-BR\",\"@id\":\"https:\/\/www.pagbrasil.com\/pt-br\/#\/schema\/person\/image\/\",\"url\":\"https:\/\/secure.gravatar.com\/avatar\/93dfa5972fa8e0d87dbe5ce11a13cbf82bb8636513ca55dfd21c1681d56e9d5e?s=96&d=mm&r=g\",\"contentUrl\":\"https:\/\/secure.gravatar.com\/avatar\/93dfa5972fa8e0d87dbe5ce11a13cbf82bb8636513ca55dfd21c1681d56e9d5e?s=96&d=mm&r=g\",\"caption\":\"Tamiris Souza\"},\"description\":\"Tamiris Souza \u00e9 jornalista, especializada em Produ\u00e7\u00e3o de Conte\u00fado e Assessoria de Imprensa. Possui p\u00f3s gradua\u00e7\u00e3o em Experi\u00eancias Digitais: Gest\u00e3o, Produ\u00e7\u00e3o e Engajamento pela PUCRS. Na PagBrasil, escreve sobre meios de pagamento, e-commerce e tecnologia.\",\"url\":\"https:\/\/www.pagbrasil.com\/pt-br\/blog\/author\/tamiris-souza\/\"}]}<\/script>\n<!-- \/ Yoast SEO plugin. -->","yoast_head_json":{"title":"O comportamento do varejo online sob a \u00f3ptica da NRF 2023","description":"Para analisar as tend\u00eancias no varejo online, p\u00f3s NRF 2023, a PagBrasil realizou um webinar com grandes nomes do e-commerce brasileiro.\u00a0Veja!","robots":{"index":"index","follow":"follow","max-snippet":"max-snippet:-1","max-image-preview":"max-image-preview:large","max-video-preview":"max-video-preview:-1"},"canonical":"https:\/\/www.pagbrasil.com\/pt-br\/blog\/eventos\/webinar-o-comportamento-do-varejo-online-nrf-2023\/","og_locale":"pt_BR","og_type":"article","og_title":"O comportamento do varejo online sob a \u00f3ptica da NRF 2023","og_description":"Para analisar as tend\u00eancias no varejo online, p\u00f3s NRF 2023, a PagBrasil realizou um webinar com grandes nomes do e-commerce brasileiro.\u00a0Veja!","og_url":"https:\/\/www.pagbrasil.com\/pt-br\/blog\/eventos\/webinar-o-comportamento-do-varejo-online-nrf-2023\/","og_site_name":"PagBrasil","article_publisher":"https:\/\/www.facebook.com\/pagbrasilpagamentos","article_published_time":"2023-02-20T15:05:43+00:00","article_modified_time":"2024-08-27T18:06:48+00:00","og_image":[{"width":1305,"height":1167,"url":"https:\/\/www.pagbrasil.com\/wp-content\/uploads\/2023\/02\/Webinar-o-comportamento-do-varejo-online.jpg","type":"image\/jpeg"}],"author":"Tamiris Souza","twitter_card":"summary_large_image","twitter_misc":{"Escrito por":"Tamiris Souza","Est. tempo de leitura":"3 minutos"},"schema":{"@context":"https:\/\/schema.org","@graph":[{"@type":"Article","@id":"https:\/\/www.pagbrasil.com\/pt-br\/blog\/eventos\/webinar-o-comportamento-do-varejo-online-nrf-2023\/#article","isPartOf":{"@id":"https:\/\/www.pagbrasil.com\/pt-br\/blog\/eventos\/webinar-o-comportamento-do-varejo-online-nrf-2023\/"},"author":{"name":"Tamiris Souza","@id":"https:\/\/www.pagbrasil.com\/pt-br\/#\/schema\/person\/bd9f5cc718caa06a7a114678d61a59de"},"headline":"Webinar: o comportamento do varejo online sob a \u00f3ptica de uma NRF 2023 mais \u201cp\u00e9 no ch\u00e3o\u201d","datePublished":"2023-02-20T15:05:43+00:00","dateModified":"2024-08-27T18:06:48+00:00","mainEntityOfPage":{"@id":"https:\/\/www.pagbrasil.com\/pt-br\/blog\/eventos\/webinar-o-comportamento-do-varejo-online-nrf-2023\/"},"wordCount":566,"commentCount":0,"publisher":{"@id":"https:\/\/www.pagbrasil.com\/pt-br\/#organization"},"image":{"@id":"https:\/\/www.pagbrasil.com\/pt-br\/blog\/eventos\/webinar-o-comportamento-do-varejo-online-nrf-2023\/#primaryimage"},"thumbnailUrl":"https:\/\/www.pagbrasil.com\/wp-content\/uploads\/2023\/02\/Webinar-o-comportamento-do-varejo-online.jpg","articleSection":["Eventos","Insights","Shopify"],"inLanguage":"pt-BR","potentialAction":[{"@type":"CommentAction","name":"Comment","target":["https:\/\/www.pagbrasil.com\/pt-br\/blog\/eventos\/webinar-o-comportamento-do-varejo-online-nrf-2023\/#respond"]}]},{"@type":"WebPage","@id":"https:\/\/www.pagbrasil.com\/pt-br\/blog\/eventos\/webinar-o-comportamento-do-varejo-online-nrf-2023\/","url":"https:\/\/www.pagbrasil.com\/pt-br\/blog\/eventos\/webinar-o-comportamento-do-varejo-online-nrf-2023\/","name":"O comportamento do varejo online sob a \u00f3ptica da NRF 2023","isPartOf":{"@id":"https:\/\/www.pagbrasil.com\/pt-br\/#website"},"primaryImageOfPage":{"@id":"https:\/\/www.pagbrasil.com\/pt-br\/blog\/eventos\/webinar-o-comportamento-do-varejo-online-nrf-2023\/#primaryimage"},"image":{"@id":"https:\/\/www.pagbrasil.com\/pt-br\/blog\/eventos\/webinar-o-comportamento-do-varejo-online-nrf-2023\/#primaryimage"},"thumbnailUrl":"https:\/\/www.pagbrasil.com\/wp-content\/uploads\/2023\/02\/Webinar-o-comportamento-do-varejo-online.jpg","datePublished":"2023-02-20T15:05:43+00:00","dateModified":"2024-08-27T18:06:48+00:00","description":"Para analisar as tend\u00eancias no varejo online, p\u00f3s NRF 2023, a PagBrasil realizou um webinar com grandes nomes do e-commerce brasileiro.\u00a0Veja!","breadcrumb":{"@id":"https:\/\/www.pagbrasil.com\/pt-br\/blog\/eventos\/webinar-o-comportamento-do-varejo-online-nrf-2023\/#breadcrumb"},"inLanguage":"pt-BR","potentialAction":[{"@type":"ReadAction","target":["https:\/\/www.pagbrasil.com\/pt-br\/blog\/eventos\/webinar-o-comportamento-do-varejo-online-nrf-2023\/"]}]},{"@type":"ImageObject","inLanguage":"pt-BR","@id":"https:\/\/www.pagbrasil.com\/pt-br\/blog\/eventos\/webinar-o-comportamento-do-varejo-online-nrf-2023\/#primaryimage","url":"https:\/\/www.pagbrasil.com\/wp-content\/uploads\/2023\/02\/Webinar-o-comportamento-do-varejo-online.jpg","contentUrl":"https:\/\/www.pagbrasil.com\/wp-content\/uploads\/2023\/02\/Webinar-o-comportamento-do-varejo-online.jpg","width":1305,"height":1167,"caption":"Webinar o comportamento do varejo online"},{"@type":"BreadcrumbList","@id":"https:\/\/www.pagbrasil.com\/pt-br\/blog\/eventos\/webinar-o-comportamento-do-varejo-online-nrf-2023\/#breadcrumb","itemListElement":[{"@type":"ListItem","position":1,"name":"Home","item":"https:\/\/www.pagbrasil.com\/pt-br\/"},{"@type":"ListItem","position":2,"name":"Eventos","item":"https:\/\/www.pagbrasil.com\/pt-br\/blog\/eventos\/"},{"@type":"ListItem","position":3,"name":"Webinar: o comportamento do varejo online sob a \u00f3ptica de uma NRF 2023 mais \u201cp\u00e9 no ch\u00e3o\u201d"}]},{"@type":"WebSite","@id":"https:\/\/www.pagbrasil.com\/pt-br\/#website","url":"https:\/\/www.pagbrasil.com\/pt-br\/","name":"PagBrasil","description":"Processe seus pagamentos com PagBrasil, servi\u00e7o de pagamento online de excel\u00eancia para o Brasil, desenvolvido para empresas internacionais.","publisher":{"@id":"https:\/\/www.pagbrasil.com\/pt-br\/#organization"},"potentialAction":[{"@type":"SearchAction","target":{"@type":"EntryPoint","urlTemplate":"https:\/\/www.pagbrasil.com\/pt-br\/?s={search_term_string}"},"query-input":{"@type":"PropertyValueSpecification","valueRequired":true,"valueName":"search_term_string"}}],"inLanguage":"pt-BR"},{"@type":"Organization","@id":"https:\/\/www.pagbrasil.com\/pt-br\/#organization","name":"PagBrasil","url":"https:\/\/www.pagbrasil.com\/pt-br\/","logo":{"@type":"ImageObject","inLanguage":"pt-BR","@id":"https:\/\/www.pagbrasil.com\/pt-br\/#\/schema\/logo\/image\/","url":"https:\/\/www.pagbrasil.com\/wp-content\/uploads\/2023\/03\/logo-PB-2.svg","contentUrl":"https:\/\/www.pagbrasil.com\/wp-content\/uploads\/2023\/03\/logo-PB-2.svg","width":265,"height":64,"caption":"PagBrasil"},"image":{"@id":"https:\/\/www.pagbrasil.com\/pt-br\/#\/schema\/logo\/image\/"},"sameAs":["https:\/\/www.facebook.com\/pagbrasilpagamentos","https:\/\/www.linkedin.com\/company\/pagbrasil-pagamentos-eletronicos-ltda\/"]},{"@type":"Person","@id":"https:\/\/www.pagbrasil.com\/pt-br\/#\/schema\/person\/bd9f5cc718caa06a7a114678d61a59de","name":"Tamiris Souza","image":{"@type":"ImageObject","inLanguage":"pt-BR","@id":"https:\/\/www.pagbrasil.com\/pt-br\/#\/schema\/person\/image\/","url":"https:\/\/secure.gravatar.com\/avatar\/93dfa5972fa8e0d87dbe5ce11a13cbf82bb8636513ca55dfd21c1681d56e9d5e?s=96&d=mm&r=g","contentUrl":"https:\/\/secure.gravatar.com\/avatar\/93dfa5972fa8e0d87dbe5ce11a13cbf82bb8636513ca55dfd21c1681d56e9d5e?s=96&d=mm&r=g","caption":"Tamiris Souza"},"description":"Tamiris Souza \u00e9 jornalista, especializada em Produ\u00e7\u00e3o de Conte\u00fado e Assessoria de Imprensa. Possui p\u00f3s gradua\u00e7\u00e3o em Experi\u00eancias Digitais: Gest\u00e3o, Produ\u00e7\u00e3o e Engajamento pela PUCRS. Na PagBrasil, escreve sobre meios de pagamento, e-commerce e tecnologia.","url":"https:\/\/www.pagbrasil.com\/pt-br\/blog\/author\/tamiris-souza\/"}]}},"_links":{"self":[{"href":"https:\/\/www.pagbrasil.com\/pt-br\/wp-json\/wp\/v2\/posts\/68893","targetHints":{"allow":["GET"]}}],"collection":[{"href":"https:\/\/www.pagbrasil.com\/pt-br\/wp-json\/wp\/v2\/posts"}],"about":[{"href":"https:\/\/www.pagbrasil.com\/pt-br\/wp-json\/wp\/v2\/types\/post"}],"author":[{"embeddable":true,"href":"https:\/\/www.pagbrasil.com\/pt-br\/wp-json\/wp\/v2\/users\/23"}],"replies":[{"embeddable":true,"href":"https:\/\/www.pagbrasil.com\/pt-br\/wp-json\/wp\/v2\/comments?post=68893"}],"version-history":[{"count":8,"href":"https:\/\/www.pagbrasil.com\/pt-br\/wp-json\/wp\/v2\/posts\/68893\/revisions"}],"predecessor-version":[{"id":81303,"href":"https:\/\/www.pagbrasil.com\/pt-br\/wp-json\/wp\/v2\/posts\/68893\/revisions\/81303"}],"wp:featuredmedia":[{"embeddable":true,"href":"https:\/\/www.pagbrasil.com\/pt-br\/wp-json\/wp\/v2\/media\/81299"}],"wp:attachment":[{"href":"https:\/\/www.pagbrasil.com\/pt-br\/wp-json\/wp\/v2\/media?parent=68893"}],"wp:term":[{"taxonomy":"category","embeddable":true,"href":"https:\/\/www.pagbrasil.com\/pt-br\/wp-json\/wp\/v2\/categories?post=68893"},{"taxonomy":"post_tag","embeddable":true,"href":"https:\/\/www.pagbrasil.com\/pt-br\/wp-json\/wp\/v2\/tags?post=68893"}],"curies":[{"name":"wp","href":"https:\/\/api.w.org\/{rel}","templated":true}]}}