{"id":55148,"date":"2020-10-01T15:02:16","date_gmt":"2020-10-01T18:02:16","guid":{"rendered":"https:\/\/www.pagbrasil.com\/?p=55148"},"modified":"2023-08-01T14:10:49","modified_gmt":"2023-08-01T17:10:49","slug":"lei-geral-de-protecao-de-dados-lgpd-o-que-voce-precisa-saber","status":"publish","type":"post","link":"https:\/\/www.pagbrasil.com\/pt-br\/blog\/insights\/lei-geral-de-protecao-de-dados-lgpd-o-que-voce-precisa-saber\/","title":{"rendered":"Lei Geral de Prote\u00e7\u00e3o de Dados (LGPD): o que voc\u00ea precisa saber"},"content":{"rendered":"<p>Em 18 de setembro de 2020, a Lei Geral de Prote\u00e7\u00e3o de Dados (LGPD) entrou em vigor. Isso traz uma s\u00e9rie de implica\u00e7\u00f5es para empresas de qualquer natureza que coletam e mant\u00eam dados pessoais \u2013 o que inclui o e-commerce.<\/p>\n<p>Com esta resolu\u00e7\u00e3o, como empresas podem cumprir com os regulamentos? \u00c9 isso que vamos abordar nesse artigo.<\/p>\n<p>&nbsp;<\/p>\n<h3>O que \u00e9 a LGPD?<\/h3>\n<p>O LGPD estabelece regras relacionadas \u00e0 coleta, armazenamento, tratamento e compartilhamento de dados pessoais. Isso implica em medidas de seguran\u00e7a rigorosas em rela\u00e7\u00e3o aos dados pessoais e penalidades mais severas perante o n\u00e3o-cumprimento dessas regras. Isso significa que todas as empresas que operam no Brasil que coletam e mant\u00eam informa\u00e7\u00f5es pessoais em seus bancos de dados devem cumprir a lei.<\/p>\n<p>A LGPD compartilha uma s\u00e9rie de <a href=\"https:\/\/www.serpro.gov.br\/lgpd\/noticias\/lgpd-versao-brasileira-gdpr-dados-pessoais\/\" target=\"_blank\" rel=\"noopener noreferrer\">similaridades<\/a> com o <a href=\"https:\/\/eur-lex.europa.eu\/legal-content\/PT\/TXT\/?uri=CELEX:32016R0679\" target=\"_blank\" rel=\"noopener noreferrer\">Regulamento Geral de Prote\u00e7\u00e3o de Dados<\/a> (GDPR) da UE, sendo uma delas o fato de se aplicar a qualquer empresa ou organiza\u00e7\u00e3o que processa dados de pessoas no Brasil, independentemente de onde a empresa ou organiza\u00e7\u00e3o esteja localizada.<\/p>\n<p>&nbsp;<\/p>\n<h3>Quais a\u00e7\u00f5es as empresas devem tomar?<\/h3>\n<p>De acordo com o <a href=\"https:\/\/www.statista.com\/statistics\/1134066\/brazil-lgpd-conformity\/\" target=\"_blank\" rel=\"noopener noreferrer\">Statista<\/a>, em mar\u00e7o de 2020 cerca de 37% das empresas no Brasil afirmaram ter pol\u00edticas e\/ou normas relativas \u00e0 prote\u00e7\u00e3o de dados pessoais. Menos de 14% das empresas mapeavam riscos em prote\u00e7\u00e3o de dados e seguran\u00e7a da informa\u00e7\u00e3o.<\/p>\n<p>&nbsp;<\/p>\n<p>&nbsp;<\/p>\n<p class='content-img-wrap'><img loading=\"lazy\" decoding=\"async\" class=\"size-full wp-image-55158 aligncenter\" src=\"https:\/\/www.pagbrasil.com\/wp-content\/uploads\/2020\/10\/graphic-lgpd-pt2.png\" alt=\"\" width=\"900\" height=\"998\" srcset=\"https:\/\/www.pagbrasil.com\/wp-content\/uploads\/2020\/10\/graphic-lgpd-pt2.png 900w, https:\/\/www.pagbrasil.com\/wp-content\/uploads\/2020\/10\/graphic-lgpd-pt2-271x300.png 271w, https:\/\/www.pagbrasil.com\/wp-content\/uploads\/2020\/10\/graphic-lgpd-pt2-768x852.png 768w\" sizes=\"auto, (max-width: 900px) 100vw, 900px\" \/><\/p>\n<p>&nbsp;<\/p>\n<p>&nbsp;<\/p>\n<p>Para garantir a conformidade da empresa com a LGPD, o escrit\u00f3rio de advocacia <a href=\"https:\/\/hartmannburmeister.com.br\/direito-empresarial\/lei-geral-de-protecao-de-dados\/\" target=\"_blank\" rel=\"noopener noreferrer\">Hartmann Burmeister<\/a> aconselha as seguintes etapas:<\/p>\n<p>1. Converse com um advogado para que ele analise os dados coletados por sua empresa e formule altera\u00e7\u00f5es nos contratos, bem como redija consentimentos e termos de uso.<\/p>\n<p>2. Atribua um profissional respons\u00e1vel pela seguran\u00e7a da informa\u00e7\u00e3o para fazer as mudan\u00e7as necess\u00e1rias na \u00e1rea tecnol\u00f3gica.<\/p>\n<p>3. Envolva o setor de Recursos Humanos para ajudar a orientar sua equipe na coleta de dados.<\/p>\n<p>4. Contrate um auditor ou analista de risco para garantir que o processo esteja adequado \u00e0 sua realidade.<\/p>\n<p>&nbsp;<\/p>\n<h3>Entenda as reviravoltas da LGPD<\/h3>\n<p>A data de vig\u00eancia do LGPD sofreu uma s\u00e9rie de reviravoltas. De acordo com o escrit\u00f3rio de advocacia <a href=\"http:\/\/www.pinheironeto.com.br\/publicacoes\/lgpd-passa-a-ter-efeitos-hoje-18-de-setembro-de-2020\" target=\"_blank\" rel=\"noopener noreferrer\">Pinheiro Neto<\/a>:<\/p>\n<p>\u201cA data da entrada em vigor da Lei Geral de Prote\u00e7\u00e3o de Dados (LGPD) esteve sob muita inseguran\u00e7a jur\u00eddica nos \u00faltimos meses, em vista de projetos de lei e da Medida Provis\u00f3ria n\u00ba 959\/2020 (MP 959) que previam a prorroga\u00e7\u00e3o da vig\u00eancia da LGPD. No entanto, em 26.8.2020, o Senado rejeitou a disposi\u00e7\u00e3o da MP 959 que estabelecia a prorroga\u00e7\u00e3o da LGPD para 3.5.2021 e, com isso, converteu a MP 959 no Projeto de Lei de Convers\u00e3o n\u00ba 34\/2020 (PLC 34), o qual seguiu no dia seguinte para a san\u00e7\u00e3o presidencial\u201d.<\/p>\n<p>A assinatura do Presidente Jair Bolsonaro ocorreu em 18 de setembro de 2020, tornando p\u00fablica a Lei 14.508 \/ 20\/20. Pela Constitui\u00e7\u00e3o brasileira (artigo 62, par\u00e1grafo 12), a MP 959 vigorou at\u00e9 o dia 17 de setembro.<\/p>\n<p>Em outras palavras, a LGPD entrou em vigor em 18 de setembro; no entanto, as san\u00e7\u00f5es previstas na lei entrar\u00e3o em vigor em 1\u00ba de agosto de 2021. Tais puni\u00e7\u00f5es podem ser aplicadas at\u00e9 2% sobre o faturamento da empresa, podendo chegar no limite de R$ 50 milh\u00f5es.<\/p>\n<p>Preparar sua empresa para cumprir o LGPD \u00e9 fundamental neste momento. Fale com um profissional da \u00e1rea jur\u00eddica, avalie a necessidade de nomear um DPO (Data Protection Officer) e fique atento!<\/p>\n","protected":false},"excerpt":{"rendered":"<p>Em 18 de setembro de 2020, a Lei Geral de Prote\u00e7\u00e3o de Dados (LGPD) entrou em vigor. Isso traz uma [&#8230;]<\/p>\n","protected":false},"author":16,"featured_media":55145,"comment_status":"open","ping_status":"open","sticky":false,"template":"","format":"standard","meta":{"_acf_changed":false,"footnotes":""},"categories":[82],"tags":[],"class_list":["post-55148","post","type-post","status-publish","format-standard","has-post-thumbnail","hentry","category-insights"],"acf":[],"yoast_head":"<!-- This site is optimized with the Yoast SEO plugin v25.7 - https:\/\/yoast.com\/wordpress\/plugins\/seo\/ -->\n<title>Lei Geral de Prote\u00e7\u00e3o de Dados (LGPD): o que voc\u00ea precisa saber | PagBrasil<\/title>\n<meta name=\"description\" content=\"A LGPD entrou em vigor. Isso traz uma s\u00e9rie de implica\u00e7\u00f5es para empresas de qualquer natureza que coletam e mant\u00eam dados pessoais.\" \/>\n<meta name=\"robots\" content=\"index, follow, max-snippet:-1, max-image-preview:large, max-video-preview:-1\" \/>\n<link rel=\"canonical\" href=\"https:\/\/www.pagbrasil.com\/pt-br\/blog\/insights\/lei-geral-de-protecao-de-dados-lgpd-o-que-voce-precisa-saber\/\" \/>\n<meta property=\"og:locale\" content=\"pt_BR\" \/>\n<meta property=\"og:type\" content=\"article\" \/>\n<meta property=\"og:title\" content=\"Lei Geral de Prote\u00e7\u00e3o de Dados (LGPD): o que voc\u00ea precisa saber | PagBrasil\" \/>\n<meta property=\"og:description\" content=\"A LGPD entrou em vigor. Isso traz uma s\u00e9rie de implica\u00e7\u00f5es para empresas de qualquer natureza que coletam e mant\u00eam dados pessoais.\" \/>\n<meta property=\"og:url\" content=\"https:\/\/www.pagbrasil.com\/pt-br\/blog\/insights\/lei-geral-de-protecao-de-dados-lgpd-o-que-voce-precisa-saber\/\" \/>\n<meta property=\"og:site_name\" content=\"PagBrasil\" \/>\n<meta property=\"article:publisher\" content=\"https:\/\/www.facebook.com\/pagbrasilpagamentos\" \/>\n<meta property=\"article:published_time\" content=\"2020-10-01T18:02:16+00:00\" \/>\n<meta property=\"article:modified_time\" content=\"2023-08-01T17:10:49+00:00\" \/>\n<meta property=\"og:image\" content=\"https:\/\/www.pagbrasil.com\/wp-content\/uploads\/2020\/10\/LGPD.jpg\" \/>\n\t<meta property=\"og:image:width\" content=\"1900\" \/>\n\t<meta property=\"og:image:height\" content=\"1700\" \/>\n\t<meta property=\"og:image:type\" content=\"image\/jpeg\" \/>\n<meta name=\"author\" content=\"Paula Martins\" \/>\n<meta name=\"twitter:card\" content=\"summary_large_image\" \/>\n<meta name=\"twitter:creator\" content=\"@paula_cemartins\" \/>\n<meta name=\"twitter:label1\" content=\"Escrito por\" \/>\n\t<meta name=\"twitter:data1\" content=\"Paula Martins\" \/>\n\t<meta name=\"twitter:label2\" content=\"Est. tempo de leitura\" \/>\n\t<meta name=\"twitter:data2\" content=\"3 minutos\" \/>\n<script type=\"application\/ld+json\" class=\"yoast-schema-graph\">{\"@context\":\"https:\/\/schema.org\",\"@graph\":[{\"@type\":\"Article\",\"@id\":\"https:\/\/www.pagbrasil.com\/pt-br\/blog\/insights\/lei-geral-de-protecao-de-dados-lgpd-o-que-voce-precisa-saber\/#article\",\"isPartOf\":{\"@id\":\"https:\/\/www.pagbrasil.com\/pt-br\/blog\/insights\/lei-geral-de-protecao-de-dados-lgpd-o-que-voce-precisa-saber\/\"},\"author\":{\"name\":\"Paula Martins\",\"@id\":\"https:\/\/www.pagbrasil.com\/pt-br\/#\/schema\/person\/2507bb9f7319f625b76c57b0df9ddff8\"},\"headline\":\"Lei Geral de Prote\u00e7\u00e3o de Dados (LGPD): o que voc\u00ea precisa saber\",\"datePublished\":\"2020-10-01T18:02:16+00:00\",\"dateModified\":\"2023-08-01T17:10:49+00:00\",\"mainEntityOfPage\":{\"@id\":\"https:\/\/www.pagbrasil.com\/pt-br\/blog\/insights\/lei-geral-de-protecao-de-dados-lgpd-o-que-voce-precisa-saber\/\"},\"wordCount\":581,\"commentCount\":0,\"publisher\":{\"@id\":\"https:\/\/www.pagbrasil.com\/pt-br\/#organization\"},\"image\":{\"@id\":\"https:\/\/www.pagbrasil.com\/pt-br\/blog\/insights\/lei-geral-de-protecao-de-dados-lgpd-o-que-voce-precisa-saber\/#primaryimage\"},\"thumbnailUrl\":\"https:\/\/www.pagbrasil.com\/wp-content\/uploads\/2020\/10\/LGPD.jpg\",\"articleSection\":[\"Insights\"],\"inLanguage\":\"pt-BR\",\"potentialAction\":[{\"@type\":\"CommentAction\",\"name\":\"Comment\",\"target\":[\"https:\/\/www.pagbrasil.com\/pt-br\/blog\/insights\/lei-geral-de-protecao-de-dados-lgpd-o-que-voce-precisa-saber\/#respond\"]}]},{\"@type\":\"WebPage\",\"@id\":\"https:\/\/www.pagbrasil.com\/pt-br\/blog\/insights\/lei-geral-de-protecao-de-dados-lgpd-o-que-voce-precisa-saber\/\",\"url\":\"https:\/\/www.pagbrasil.com\/pt-br\/blog\/insights\/lei-geral-de-protecao-de-dados-lgpd-o-que-voce-precisa-saber\/\",\"name\":\"Lei Geral de Prote\u00e7\u00e3o de Dados (LGPD): o que voc\u00ea precisa saber | PagBrasil\",\"isPartOf\":{\"@id\":\"https:\/\/www.pagbrasil.com\/pt-br\/#website\"},\"primaryImageOfPage\":{\"@id\":\"https:\/\/www.pagbrasil.com\/pt-br\/blog\/insights\/lei-geral-de-protecao-de-dados-lgpd-o-que-voce-precisa-saber\/#primaryimage\"},\"image\":{\"@id\":\"https:\/\/www.pagbrasil.com\/pt-br\/blog\/insights\/lei-geral-de-protecao-de-dados-lgpd-o-que-voce-precisa-saber\/#primaryimage\"},\"thumbnailUrl\":\"https:\/\/www.pagbrasil.com\/wp-content\/uploads\/2020\/10\/LGPD.jpg\",\"datePublished\":\"2020-10-01T18:02:16+00:00\",\"dateModified\":\"2023-08-01T17:10:49+00:00\",\"description\":\"A LGPD entrou em vigor. Isso traz uma s\u00e9rie de implica\u00e7\u00f5es para empresas de qualquer natureza que coletam e mant\u00eam dados pessoais.\",\"breadcrumb\":{\"@id\":\"https:\/\/www.pagbrasil.com\/pt-br\/blog\/insights\/lei-geral-de-protecao-de-dados-lgpd-o-que-voce-precisa-saber\/#breadcrumb\"},\"inLanguage\":\"pt-BR\",\"potentialAction\":[{\"@type\":\"ReadAction\",\"target\":[\"https:\/\/www.pagbrasil.com\/pt-br\/blog\/insights\/lei-geral-de-protecao-de-dados-lgpd-o-que-voce-precisa-saber\/\"]}]},{\"@type\":\"ImageObject\",\"inLanguage\":\"pt-BR\",\"@id\":\"https:\/\/www.pagbrasil.com\/pt-br\/blog\/insights\/lei-geral-de-protecao-de-dados-lgpd-o-que-voce-precisa-saber\/#primaryimage\",\"url\":\"https:\/\/www.pagbrasil.com\/wp-content\/uploads\/2020\/10\/LGPD.jpg\",\"contentUrl\":\"https:\/\/www.pagbrasil.com\/wp-content\/uploads\/2020\/10\/LGPD.jpg\",\"width\":1900,\"height\":1700,\"caption\":\"LGPD\"},{\"@type\":\"BreadcrumbList\",\"@id\":\"https:\/\/www.pagbrasil.com\/pt-br\/blog\/insights\/lei-geral-de-protecao-de-dados-lgpd-o-que-voce-precisa-saber\/#breadcrumb\",\"itemListElement\":[{\"@type\":\"ListItem\",\"position\":1,\"name\":\"Home\",\"item\":\"https:\/\/www.pagbrasil.com\/pt-br\/\"},{\"@type\":\"ListItem\",\"position\":2,\"name\":\"Insights\",\"item\":\"https:\/\/www.pagbrasil.com\/pt-br\/blog\/insights\/\"},{\"@type\":\"ListItem\",\"position\":3,\"name\":\"Lei Geral de Prote\u00e7\u00e3o de Dados (LGPD): o que voc\u00ea precisa saber\"}]},{\"@type\":\"WebSite\",\"@id\":\"https:\/\/www.pagbrasil.com\/pt-br\/#website\",\"url\":\"https:\/\/www.pagbrasil.com\/pt-br\/\",\"name\":\"PagBrasil\",\"description\":\"Processe seus pagamentos com PagBrasil, servi\u00e7o de pagamento online de excel\u00eancia para o Brasil, desenvolvido para empresas internacionais.\",\"publisher\":{\"@id\":\"https:\/\/www.pagbrasil.com\/pt-br\/#organization\"},\"potentialAction\":[{\"@type\":\"SearchAction\",\"target\":{\"@type\":\"EntryPoint\",\"urlTemplate\":\"https:\/\/www.pagbrasil.com\/pt-br\/?s={search_term_string}\"},\"query-input\":{\"@type\":\"PropertyValueSpecification\",\"valueRequired\":true,\"valueName\":\"search_term_string\"}}],\"inLanguage\":\"pt-BR\"},{\"@type\":\"Organization\",\"@id\":\"https:\/\/www.pagbrasil.com\/pt-br\/#organization\",\"name\":\"PagBrasil\",\"url\":\"https:\/\/www.pagbrasil.com\/pt-br\/\",\"logo\":{\"@type\":\"ImageObject\",\"inLanguage\":\"pt-BR\",\"@id\":\"https:\/\/www.pagbrasil.com\/pt-br\/#\/schema\/logo\/image\/\",\"url\":\"https:\/\/www.pagbrasil.com\/wp-content\/uploads\/2023\/03\/logo-PB-2.svg\",\"contentUrl\":\"https:\/\/www.pagbrasil.com\/wp-content\/uploads\/2023\/03\/logo-PB-2.svg\",\"width\":265,\"height\":64,\"caption\":\"PagBrasil\"},\"image\":{\"@id\":\"https:\/\/www.pagbrasil.com\/pt-br\/#\/schema\/logo\/image\/\"},\"sameAs\":[\"https:\/\/www.facebook.com\/pagbrasilpagamentos\",\"https:\/\/www.linkedin.com\/company\/pagbrasil-pagamentos-eletronicos-ltda\/\"]},{\"@type\":\"Person\",\"@id\":\"https:\/\/www.pagbrasil.com\/pt-br\/#\/schema\/person\/2507bb9f7319f625b76c57b0df9ddff8\",\"name\":\"Paula Martins\",\"image\":{\"@type\":\"ImageObject\",\"inLanguage\":\"pt-BR\",\"@id\":\"https:\/\/www.pagbrasil.com\/pt-br\/#\/schema\/person\/image\/\",\"url\":\"https:\/\/secure.gravatar.com\/avatar\/6beeb185538eccaa83f88acf6cec477f68136815ad8964a0a72fb96df99c0831?s=96&d=mm&r=g\",\"contentUrl\":\"https:\/\/secure.gravatar.com\/avatar\/6beeb185538eccaa83f88acf6cec477f68136815ad8964a0a72fb96df99c0831?s=96&d=mm&r=g\",\"caption\":\"Paula Martins\"},\"description\":\"Paula Martins is a journalist specializing in Marketing. Her areas of expertise include payment methods, digital payments, and e-commerce. Currently, she works as a Marketing Analyst at PagBrasil. Throughout her professional journey, Paula has provided Digital Marketing consulting services to over twenty companies across Brazil in the Technology, Fintech, and Communication sectors. She has also written for the local newspaper Zero Hora \u2013 one of the largest newspapers in the southern region of Brazil \u2013 and worked as a freelance writer for the content agency Rock Content, contributing to more than a hundred articles.\",\"sameAs\":[\"https:\/\/x.com\/paula_cemartins\"],\"url\":\"https:\/\/www.pagbrasil.com\/pt-br\/blog\/author\/paula-martins\/\"}]}<\/script>\n<!-- \/ Yoast SEO plugin. -->","yoast_head_json":{"title":"Lei Geral de Prote\u00e7\u00e3o de Dados (LGPD): o que voc\u00ea precisa saber | PagBrasil","description":"A LGPD entrou em vigor. Isso traz uma s\u00e9rie de implica\u00e7\u00f5es para empresas de qualquer natureza que coletam e mant\u00eam dados pessoais.","robots":{"index":"index","follow":"follow","max-snippet":"max-snippet:-1","max-image-preview":"max-image-preview:large","max-video-preview":"max-video-preview:-1"},"canonical":"https:\/\/www.pagbrasil.com\/pt-br\/blog\/insights\/lei-geral-de-protecao-de-dados-lgpd-o-que-voce-precisa-saber\/","og_locale":"pt_BR","og_type":"article","og_title":"Lei Geral de Prote\u00e7\u00e3o de Dados (LGPD): o que voc\u00ea precisa saber | PagBrasil","og_description":"A LGPD entrou em vigor. Isso traz uma s\u00e9rie de implica\u00e7\u00f5es para empresas de qualquer natureza que coletam e mant\u00eam dados pessoais.","og_url":"https:\/\/www.pagbrasil.com\/pt-br\/blog\/insights\/lei-geral-de-protecao-de-dados-lgpd-o-que-voce-precisa-saber\/","og_site_name":"PagBrasil","article_publisher":"https:\/\/www.facebook.com\/pagbrasilpagamentos","article_published_time":"2020-10-01T18:02:16+00:00","article_modified_time":"2023-08-01T17:10:49+00:00","og_image":[{"width":1900,"height":1700,"url":"https:\/\/www.pagbrasil.com\/wp-content\/uploads\/2020\/10\/LGPD.jpg","type":"image\/jpeg"}],"author":"Paula Martins","twitter_card":"summary_large_image","twitter_creator":"@paula_cemartins","twitter_misc":{"Escrito por":"Paula Martins","Est. tempo de leitura":"3 minutos"},"schema":{"@context":"https:\/\/schema.org","@graph":[{"@type":"Article","@id":"https:\/\/www.pagbrasil.com\/pt-br\/blog\/insights\/lei-geral-de-protecao-de-dados-lgpd-o-que-voce-precisa-saber\/#article","isPartOf":{"@id":"https:\/\/www.pagbrasil.com\/pt-br\/blog\/insights\/lei-geral-de-protecao-de-dados-lgpd-o-que-voce-precisa-saber\/"},"author":{"name":"Paula Martins","@id":"https:\/\/www.pagbrasil.com\/pt-br\/#\/schema\/person\/2507bb9f7319f625b76c57b0df9ddff8"},"headline":"Lei Geral de Prote\u00e7\u00e3o de Dados (LGPD): o que voc\u00ea precisa saber","datePublished":"2020-10-01T18:02:16+00:00","dateModified":"2023-08-01T17:10:49+00:00","mainEntityOfPage":{"@id":"https:\/\/www.pagbrasil.com\/pt-br\/blog\/insights\/lei-geral-de-protecao-de-dados-lgpd-o-que-voce-precisa-saber\/"},"wordCount":581,"commentCount":0,"publisher":{"@id":"https:\/\/www.pagbrasil.com\/pt-br\/#organization"},"image":{"@id":"https:\/\/www.pagbrasil.com\/pt-br\/blog\/insights\/lei-geral-de-protecao-de-dados-lgpd-o-que-voce-precisa-saber\/#primaryimage"},"thumbnailUrl":"https:\/\/www.pagbrasil.com\/wp-content\/uploads\/2020\/10\/LGPD.jpg","articleSection":["Insights"],"inLanguage":"pt-BR","potentialAction":[{"@type":"CommentAction","name":"Comment","target":["https:\/\/www.pagbrasil.com\/pt-br\/blog\/insights\/lei-geral-de-protecao-de-dados-lgpd-o-que-voce-precisa-saber\/#respond"]}]},{"@type":"WebPage","@id":"https:\/\/www.pagbrasil.com\/pt-br\/blog\/insights\/lei-geral-de-protecao-de-dados-lgpd-o-que-voce-precisa-saber\/","url":"https:\/\/www.pagbrasil.com\/pt-br\/blog\/insights\/lei-geral-de-protecao-de-dados-lgpd-o-que-voce-precisa-saber\/","name":"Lei Geral de Prote\u00e7\u00e3o de Dados (LGPD): o que voc\u00ea precisa saber | PagBrasil","isPartOf":{"@id":"https:\/\/www.pagbrasil.com\/pt-br\/#website"},"primaryImageOfPage":{"@id":"https:\/\/www.pagbrasil.com\/pt-br\/blog\/insights\/lei-geral-de-protecao-de-dados-lgpd-o-que-voce-precisa-saber\/#primaryimage"},"image":{"@id":"https:\/\/www.pagbrasil.com\/pt-br\/blog\/insights\/lei-geral-de-protecao-de-dados-lgpd-o-que-voce-precisa-saber\/#primaryimage"},"thumbnailUrl":"https:\/\/www.pagbrasil.com\/wp-content\/uploads\/2020\/10\/LGPD.jpg","datePublished":"2020-10-01T18:02:16+00:00","dateModified":"2023-08-01T17:10:49+00:00","description":"A LGPD entrou em vigor. Isso traz uma s\u00e9rie de implica\u00e7\u00f5es para empresas de qualquer natureza que coletam e mant\u00eam dados pessoais.","breadcrumb":{"@id":"https:\/\/www.pagbrasil.com\/pt-br\/blog\/insights\/lei-geral-de-protecao-de-dados-lgpd-o-que-voce-precisa-saber\/#breadcrumb"},"inLanguage":"pt-BR","potentialAction":[{"@type":"ReadAction","target":["https:\/\/www.pagbrasil.com\/pt-br\/blog\/insights\/lei-geral-de-protecao-de-dados-lgpd-o-que-voce-precisa-saber\/"]}]},{"@type":"ImageObject","inLanguage":"pt-BR","@id":"https:\/\/www.pagbrasil.com\/pt-br\/blog\/insights\/lei-geral-de-protecao-de-dados-lgpd-o-que-voce-precisa-saber\/#primaryimage","url":"https:\/\/www.pagbrasil.com\/wp-content\/uploads\/2020\/10\/LGPD.jpg","contentUrl":"https:\/\/www.pagbrasil.com\/wp-content\/uploads\/2020\/10\/LGPD.jpg","width":1900,"height":1700,"caption":"LGPD"},{"@type":"BreadcrumbList","@id":"https:\/\/www.pagbrasil.com\/pt-br\/blog\/insights\/lei-geral-de-protecao-de-dados-lgpd-o-que-voce-precisa-saber\/#breadcrumb","itemListElement":[{"@type":"ListItem","position":1,"name":"Home","item":"https:\/\/www.pagbrasil.com\/pt-br\/"},{"@type":"ListItem","position":2,"name":"Insights","item":"https:\/\/www.pagbrasil.com\/pt-br\/blog\/insights\/"},{"@type":"ListItem","position":3,"name":"Lei Geral de Prote\u00e7\u00e3o de Dados (LGPD): o que voc\u00ea precisa saber"}]},{"@type":"WebSite","@id":"https:\/\/www.pagbrasil.com\/pt-br\/#website","url":"https:\/\/www.pagbrasil.com\/pt-br\/","name":"PagBrasil","description":"Processe seus pagamentos com PagBrasil, servi\u00e7o de pagamento online de excel\u00eancia para o Brasil, desenvolvido para empresas internacionais.","publisher":{"@id":"https:\/\/www.pagbrasil.com\/pt-br\/#organization"},"potentialAction":[{"@type":"SearchAction","target":{"@type":"EntryPoint","urlTemplate":"https:\/\/www.pagbrasil.com\/pt-br\/?s={search_term_string}"},"query-input":{"@type":"PropertyValueSpecification","valueRequired":true,"valueName":"search_term_string"}}],"inLanguage":"pt-BR"},{"@type":"Organization","@id":"https:\/\/www.pagbrasil.com\/pt-br\/#organization","name":"PagBrasil","url":"https:\/\/www.pagbrasil.com\/pt-br\/","logo":{"@type":"ImageObject","inLanguage":"pt-BR","@id":"https:\/\/www.pagbrasil.com\/pt-br\/#\/schema\/logo\/image\/","url":"https:\/\/www.pagbrasil.com\/wp-content\/uploads\/2023\/03\/logo-PB-2.svg","contentUrl":"https:\/\/www.pagbrasil.com\/wp-content\/uploads\/2023\/03\/logo-PB-2.svg","width":265,"height":64,"caption":"PagBrasil"},"image":{"@id":"https:\/\/www.pagbrasil.com\/pt-br\/#\/schema\/logo\/image\/"},"sameAs":["https:\/\/www.facebook.com\/pagbrasilpagamentos","https:\/\/www.linkedin.com\/company\/pagbrasil-pagamentos-eletronicos-ltda\/"]},{"@type":"Person","@id":"https:\/\/www.pagbrasil.com\/pt-br\/#\/schema\/person\/2507bb9f7319f625b76c57b0df9ddff8","name":"Paula Martins","image":{"@type":"ImageObject","inLanguage":"pt-BR","@id":"https:\/\/www.pagbrasil.com\/pt-br\/#\/schema\/person\/image\/","url":"https:\/\/secure.gravatar.com\/avatar\/6beeb185538eccaa83f88acf6cec477f68136815ad8964a0a72fb96df99c0831?s=96&d=mm&r=g","contentUrl":"https:\/\/secure.gravatar.com\/avatar\/6beeb185538eccaa83f88acf6cec477f68136815ad8964a0a72fb96df99c0831?s=96&d=mm&r=g","caption":"Paula Martins"},"description":"Paula Martins is a journalist specializing in Marketing. Her areas of expertise include payment methods, digital payments, and e-commerce. Currently, she works as a Marketing Analyst at PagBrasil. Throughout her professional journey, Paula has provided Digital Marketing consulting services to over twenty companies across Brazil in the Technology, Fintech, and Communication sectors. She has also written for the local newspaper Zero Hora \u2013 one of the largest newspapers in the southern region of Brazil \u2013 and worked as a freelance writer for the content agency Rock Content, contributing to more than a hundred articles.","sameAs":["https:\/\/x.com\/paula_cemartins"],"url":"https:\/\/www.pagbrasil.com\/pt-br\/blog\/author\/paula-martins\/"}]}},"_links":{"self":[{"href":"https:\/\/www.pagbrasil.com\/pt-br\/wp-json\/wp\/v2\/posts\/55148","targetHints":{"allow":["GET"]}}],"collection":[{"href":"https:\/\/www.pagbrasil.com\/pt-br\/wp-json\/wp\/v2\/posts"}],"about":[{"href":"https:\/\/www.pagbrasil.com\/pt-br\/wp-json\/wp\/v2\/types\/post"}],"author":[{"embeddable":true,"href":"https:\/\/www.pagbrasil.com\/pt-br\/wp-json\/wp\/v2\/users\/16"}],"replies":[{"embeddable":true,"href":"https:\/\/www.pagbrasil.com\/pt-br\/wp-json\/wp\/v2\/comments?post=55148"}],"version-history":[{"count":3,"href":"https:\/\/www.pagbrasil.com\/pt-br\/wp-json\/wp\/v2\/posts\/55148\/revisions"}],"predecessor-version":[{"id":55163,"href":"https:\/\/www.pagbrasil.com\/pt-br\/wp-json\/wp\/v2\/posts\/55148\/revisions\/55163"}],"wp:featuredmedia":[{"embeddable":true,"href":"https:\/\/www.pagbrasil.com\/pt-br\/wp-json\/wp\/v2\/media\/55145"}],"wp:attachment":[{"href":"https:\/\/www.pagbrasil.com\/pt-br\/wp-json\/wp\/v2\/media?parent=55148"}],"wp:term":[{"taxonomy":"category","embeddable":true,"href":"https:\/\/www.pagbrasil.com\/pt-br\/wp-json\/wp\/v2\/categories?post=55148"},{"taxonomy":"post_tag","embeddable":true,"href":"https:\/\/www.pagbrasil.com\/pt-br\/wp-json\/wp\/v2\/tags?post=55148"}],"curies":[{"name":"wp","href":"https:\/\/api.w.org\/{rel}","templated":true}]}}