{"id":54755,"date":"2020-09-02T15:53:05","date_gmt":"2020-09-02T18:53:05","guid":{"rendered":"https:\/\/www.pagbrasil.com\/?p=54755"},"modified":"2022-02-24T11:41:09","modified_gmt":"2022-02-24T14:41:09","slug":"vtex-training-week-2020","status":"publish","type":"post","link":"https:\/\/www.pagbrasil.com\/pt-br\/blog\/eventos\/vtex-training-week-2020\/","title":{"rendered":"VTEX Training Week 2020"},"content":{"rendered":"<p>Al\u00e9m da PagBrasil estar patrocinando o Vtex Training Week, nosso time comercial estar\u00e1 dispon\u00edvel durante o evento, para tirar d\u00favidas ou ajudar a encontrar solu\u00e7\u00f5es para o seu e-commerce. A maratona de conte\u00fado \u00e9 100% digital e acontece nos dias 21 a 25 de setembro. Participe e conecte-se conosco!<\/p>\n","protected":false},"excerpt":{"rendered":"<p>Al\u00e9m da PagBrasil estar patrocinando o Vtex Training Week, nosso time comercial estar\u00e1 dispon\u00edvel durante o evento, para tirar d\u00favidas [&#8230;]<\/p>\n","protected":false},"author":16,"featured_media":54752,"comment_status":"open","ping_status":"open","sticky":false,"template":"","format":"standard","meta":{"_acf_changed":false,"footnotes":""},"categories":[30,114],"tags":[],"class_list":["post-54755","post","type-post","status-publish","format-standard","has-post-thumbnail","hentry","category-eventos","category-vtex"],"acf":[],"yoast_head":"<!-- This site is optimized with the Yoast SEO plugin v25.7 - https:\/\/yoast.com\/wordpress\/plugins\/seo\/ -->\n<title>VTEX Training Week 2020 | PagBrasil<\/title>\n<meta name=\"description\" content=\"Nosso time estar\u00e1 dispon\u00edvel no Vtex Training Week, um evento 100% digital que ocorrer\u00e1 nos dias 21 a 25 de setembro. Participe e conecte-se conosco!\u00a0\" \/>\n<meta name=\"robots\" content=\"index, follow, max-snippet:-1, max-image-preview:large, max-video-preview:-1\" \/>\n<link rel=\"canonical\" href=\"https:\/\/www.pagbrasil.com\/pt-br\/blog\/eventos\/vtex-training-week-2020\/\" \/>\n<meta property=\"og:locale\" content=\"pt_BR\" \/>\n<meta property=\"og:type\" content=\"article\" \/>\n<meta property=\"og:title\" content=\"VTEX Training Week 2020 | PagBrasil\" \/>\n<meta property=\"og:description\" content=\"Nosso time estar\u00e1 dispon\u00edvel no Vtex Training Week, um evento 100% digital que ocorrer\u00e1 nos dias 21 a 25 de setembro. Participe e conecte-se conosco!\u00a0\" \/>\n<meta property=\"og:url\" content=\"https:\/\/www.pagbrasil.com\/pt-br\/blog\/eventos\/vtex-training-week-2020\/\" \/>\n<meta property=\"og:site_name\" content=\"PagBrasil\" \/>\n<meta property=\"article:publisher\" content=\"https:\/\/www.facebook.com\/pagbrasilpagamentos\" \/>\n<meta property=\"article:published_time\" content=\"2020-09-02T18:53:05+00:00\" \/>\n<meta property=\"article:modified_time\" content=\"2022-02-24T14:41:09+00:00\" \/>\n<meta property=\"og:image\" content=\"https:\/\/www.pagbrasil.com\/wp-content\/uploads\/2020\/09\/vtex-training-week-1024x916.jpg\" \/>\n\t<meta property=\"og:image:width\" content=\"1024\" \/>\n\t<meta property=\"og:image:height\" content=\"916\" \/>\n\t<meta property=\"og:image:type\" content=\"image\/jpeg\" \/>\n<meta name=\"author\" content=\"Paula Martins\" \/>\n<meta name=\"twitter:card\" content=\"summary_large_image\" \/>\n<meta name=\"twitter:creator\" content=\"@paula_cemartins\" \/>\n<meta name=\"twitter:label1\" content=\"Escrito por\" \/>\n\t<meta name=\"twitter:data1\" content=\"Paula Martins\" \/>\n<script type=\"application\/ld+json\" class=\"yoast-schema-graph\">{\"@context\":\"https:\/\/schema.org\",\"@graph\":[{\"@type\":\"Article\",\"@id\":\"https:\/\/www.pagbrasil.com\/pt-br\/blog\/eventos\/vtex-training-week-2020\/#article\",\"isPartOf\":{\"@id\":\"https:\/\/www.pagbrasil.com\/pt-br\/blog\/eventos\/vtex-training-week-2020\/\"},\"author\":{\"name\":\"Paula Martins\",\"@id\":\"https:\/\/www.pagbrasil.com\/pt-br\/#\/schema\/person\/2507bb9f7319f625b76c57b0df9ddff8\"},\"headline\":\"VTEX Training Week 2020\",\"datePublished\":\"2020-09-02T18:53:05+00:00\",\"dateModified\":\"2022-02-24T14:41:09+00:00\",\"mainEntityOfPage\":{\"@id\":\"https:\/\/www.pagbrasil.com\/pt-br\/blog\/eventos\/vtex-training-week-2020\/\"},\"wordCount\":53,\"commentCount\":0,\"publisher\":{\"@id\":\"https:\/\/www.pagbrasil.com\/pt-br\/#organization\"},\"image\":{\"@id\":\"https:\/\/www.pagbrasil.com\/pt-br\/blog\/eventos\/vtex-training-week-2020\/#primaryimage\"},\"thumbnailUrl\":\"https:\/\/www.pagbrasil.com\/wp-content\/uploads\/2020\/09\/vtex-training-week.jpg\",\"articleSection\":[\"Eventos\",\"VTEX\"],\"inLanguage\":\"pt-BR\",\"potentialAction\":[{\"@type\":\"CommentAction\",\"name\":\"Comment\",\"target\":[\"https:\/\/www.pagbrasil.com\/pt-br\/blog\/eventos\/vtex-training-week-2020\/#respond\"]}]},{\"@type\":\"WebPage\",\"@id\":\"https:\/\/www.pagbrasil.com\/pt-br\/blog\/eventos\/vtex-training-week-2020\/\",\"url\":\"https:\/\/www.pagbrasil.com\/pt-br\/blog\/eventos\/vtex-training-week-2020\/\",\"name\":\"VTEX Training Week 2020 | PagBrasil\",\"isPartOf\":{\"@id\":\"https:\/\/www.pagbrasil.com\/pt-br\/#website\"},\"primaryImageOfPage\":{\"@id\":\"https:\/\/www.pagbrasil.com\/pt-br\/blog\/eventos\/vtex-training-week-2020\/#primaryimage\"},\"image\":{\"@id\":\"https:\/\/www.pagbrasil.com\/pt-br\/blog\/eventos\/vtex-training-week-2020\/#primaryimage\"},\"thumbnailUrl\":\"https:\/\/www.pagbrasil.com\/wp-content\/uploads\/2020\/09\/vtex-training-week.jpg\",\"datePublished\":\"2020-09-02T18:53:05+00:00\",\"dateModified\":\"2022-02-24T14:41:09+00:00\",\"description\":\"Nosso time estar\u00e1 dispon\u00edvel no Vtex Training Week, um evento 100% digital que ocorrer\u00e1 nos dias 21 a 25 de setembro. Participe e conecte-se conosco!\u00a0\",\"breadcrumb\":{\"@id\":\"https:\/\/www.pagbrasil.com\/pt-br\/blog\/eventos\/vtex-training-week-2020\/#breadcrumb\"},\"inLanguage\":\"pt-BR\",\"potentialAction\":[{\"@type\":\"ReadAction\",\"target\":[\"https:\/\/www.pagbrasil.com\/pt-br\/blog\/eventos\/vtex-training-week-2020\/\"]}]},{\"@type\":\"ImageObject\",\"inLanguage\":\"pt-BR\",\"@id\":\"https:\/\/www.pagbrasil.com\/pt-br\/blog\/eventos\/vtex-training-week-2020\/#primaryimage\",\"url\":\"https:\/\/www.pagbrasil.com\/wp-content\/uploads\/2020\/09\/vtex-training-week.jpg\",\"contentUrl\":\"https:\/\/www.pagbrasil.com\/wp-content\/uploads\/2020\/09\/vtex-training-week.jpg\",\"width\":1900,\"height\":1700},{\"@type\":\"BreadcrumbList\",\"@id\":\"https:\/\/www.pagbrasil.com\/pt-br\/blog\/eventos\/vtex-training-week-2020\/#breadcrumb\",\"itemListElement\":[{\"@type\":\"ListItem\",\"position\":1,\"name\":\"Home\",\"item\":\"https:\/\/www.pagbrasil.com\/pt-br\/\"},{\"@type\":\"ListItem\",\"position\":2,\"name\":\"Eventos\",\"item\":\"https:\/\/www.pagbrasil.com\/pt-br\/blog\/eventos\/\"},{\"@type\":\"ListItem\",\"position\":3,\"name\":\"VTEX Training Week 2020\"}]},{\"@type\":\"WebSite\",\"@id\":\"https:\/\/www.pagbrasil.com\/pt-br\/#website\",\"url\":\"https:\/\/www.pagbrasil.com\/pt-br\/\",\"name\":\"PagBrasil\",\"description\":\"Processe seus pagamentos com PagBrasil, servi\u00e7o de pagamento online de excel\u00eancia para o Brasil, desenvolvido para empresas internacionais.\",\"publisher\":{\"@id\":\"https:\/\/www.pagbrasil.com\/pt-br\/#organization\"},\"potentialAction\":[{\"@type\":\"SearchAction\",\"target\":{\"@type\":\"EntryPoint\",\"urlTemplate\":\"https:\/\/www.pagbrasil.com\/pt-br\/?s={search_term_string}\"},\"query-input\":{\"@type\":\"PropertyValueSpecification\",\"valueRequired\":true,\"valueName\":\"search_term_string\"}}],\"inLanguage\":\"pt-BR\"},{\"@type\":\"Organization\",\"@id\":\"https:\/\/www.pagbrasil.com\/pt-br\/#organization\",\"name\":\"PagBrasil\",\"url\":\"https:\/\/www.pagbrasil.com\/pt-br\/\",\"logo\":{\"@type\":\"ImageObject\",\"inLanguage\":\"pt-BR\",\"@id\":\"https:\/\/www.pagbrasil.com\/pt-br\/#\/schema\/logo\/image\/\",\"url\":\"https:\/\/www.pagbrasil.com\/wp-content\/uploads\/2023\/03\/logo-PB-2.svg\",\"contentUrl\":\"https:\/\/www.pagbrasil.com\/wp-content\/uploads\/2023\/03\/logo-PB-2.svg\",\"width\":265,\"height\":64,\"caption\":\"PagBrasil\"},\"image\":{\"@id\":\"https:\/\/www.pagbrasil.com\/pt-br\/#\/schema\/logo\/image\/\"},\"sameAs\":[\"https:\/\/www.facebook.com\/pagbrasilpagamentos\",\"https:\/\/www.linkedin.com\/company\/pagbrasil-pagamentos-eletronicos-ltda\/\"]},{\"@type\":\"Person\",\"@id\":\"https:\/\/www.pagbrasil.com\/pt-br\/#\/schema\/person\/2507bb9f7319f625b76c57b0df9ddff8\",\"name\":\"Paula Martins\",\"image\":{\"@type\":\"ImageObject\",\"inLanguage\":\"pt-BR\",\"@id\":\"https:\/\/www.pagbrasil.com\/pt-br\/#\/schema\/person\/image\/\",\"url\":\"https:\/\/secure.gravatar.com\/avatar\/6beeb185538eccaa83f88acf6cec477f68136815ad8964a0a72fb96df99c0831?s=96&d=mm&r=g\",\"contentUrl\":\"https:\/\/secure.gravatar.com\/avatar\/6beeb185538eccaa83f88acf6cec477f68136815ad8964a0a72fb96df99c0831?s=96&d=mm&r=g\",\"caption\":\"Paula Martins\"},\"description\":\"Paula Martins is a journalist specializing in Marketing. Her areas of expertise include payment methods, digital payments, and e-commerce. Currently, she works as a Marketing Analyst at PagBrasil. Throughout her professional journey, Paula has provided Digital Marketing consulting services to over twenty companies across Brazil in the Technology, Fintech, and Communication sectors. She has also written for the local newspaper Zero Hora \u2013 one of the largest newspapers in the southern region of Brazil \u2013 and worked as a freelance writer for the content agency Rock Content, contributing to more than a hundred articles.\",\"sameAs\":[\"https:\/\/x.com\/paula_cemartins\"],\"url\":\"https:\/\/www.pagbrasil.com\/pt-br\/blog\/author\/paula-martins\/\"}]}<\/script>\n<!-- \/ Yoast SEO plugin. -->","yoast_head_json":{"title":"VTEX Training Week 2020 | PagBrasil","description":"Nosso time estar\u00e1 dispon\u00edvel no Vtex Training Week, um evento 100% digital que ocorrer\u00e1 nos dias 21 a 25 de setembro. Participe e conecte-se conosco!\u00a0","robots":{"index":"index","follow":"follow","max-snippet":"max-snippet:-1","max-image-preview":"max-image-preview:large","max-video-preview":"max-video-preview:-1"},"canonical":"https:\/\/www.pagbrasil.com\/pt-br\/blog\/eventos\/vtex-training-week-2020\/","og_locale":"pt_BR","og_type":"article","og_title":"VTEX Training Week 2020 | PagBrasil","og_description":"Nosso time estar\u00e1 dispon\u00edvel no Vtex Training Week, um evento 100% digital que ocorrer\u00e1 nos dias 21 a 25 de setembro. Participe e conecte-se conosco!\u00a0","og_url":"https:\/\/www.pagbrasil.com\/pt-br\/blog\/eventos\/vtex-training-week-2020\/","og_site_name":"PagBrasil","article_publisher":"https:\/\/www.facebook.com\/pagbrasilpagamentos","article_published_time":"2020-09-02T18:53:05+00:00","article_modified_time":"2022-02-24T14:41:09+00:00","og_image":[{"width":1024,"height":916,"url":"https:\/\/www.pagbrasil.com\/wp-content\/uploads\/2020\/09\/vtex-training-week-1024x916.jpg","type":"image\/jpeg"}],"author":"Paula Martins","twitter_card":"summary_large_image","twitter_creator":"@paula_cemartins","twitter_misc":{"Escrito por":"Paula Martins"},"schema":{"@context":"https:\/\/schema.org","@graph":[{"@type":"Article","@id":"https:\/\/www.pagbrasil.com\/pt-br\/blog\/eventos\/vtex-training-week-2020\/#article","isPartOf":{"@id":"https:\/\/www.pagbrasil.com\/pt-br\/blog\/eventos\/vtex-training-week-2020\/"},"author":{"name":"Paula Martins","@id":"https:\/\/www.pagbrasil.com\/pt-br\/#\/schema\/person\/2507bb9f7319f625b76c57b0df9ddff8"},"headline":"VTEX Training Week 2020","datePublished":"2020-09-02T18:53:05+00:00","dateModified":"2022-02-24T14:41:09+00:00","mainEntityOfPage":{"@id":"https:\/\/www.pagbrasil.com\/pt-br\/blog\/eventos\/vtex-training-week-2020\/"},"wordCount":53,"commentCount":0,"publisher":{"@id":"https:\/\/www.pagbrasil.com\/pt-br\/#organization"},"image":{"@id":"https:\/\/www.pagbrasil.com\/pt-br\/blog\/eventos\/vtex-training-week-2020\/#primaryimage"},"thumbnailUrl":"https:\/\/www.pagbrasil.com\/wp-content\/uploads\/2020\/09\/vtex-training-week.jpg","articleSection":["Eventos","VTEX"],"inLanguage":"pt-BR","potentialAction":[{"@type":"CommentAction","name":"Comment","target":["https:\/\/www.pagbrasil.com\/pt-br\/blog\/eventos\/vtex-training-week-2020\/#respond"]}]},{"@type":"WebPage","@id":"https:\/\/www.pagbrasil.com\/pt-br\/blog\/eventos\/vtex-training-week-2020\/","url":"https:\/\/www.pagbrasil.com\/pt-br\/blog\/eventos\/vtex-training-week-2020\/","name":"VTEX Training Week 2020 | PagBrasil","isPartOf":{"@id":"https:\/\/www.pagbrasil.com\/pt-br\/#website"},"primaryImageOfPage":{"@id":"https:\/\/www.pagbrasil.com\/pt-br\/blog\/eventos\/vtex-training-week-2020\/#primaryimage"},"image":{"@id":"https:\/\/www.pagbrasil.com\/pt-br\/blog\/eventos\/vtex-training-week-2020\/#primaryimage"},"thumbnailUrl":"https:\/\/www.pagbrasil.com\/wp-content\/uploads\/2020\/09\/vtex-training-week.jpg","datePublished":"2020-09-02T18:53:05+00:00","dateModified":"2022-02-24T14:41:09+00:00","description":"Nosso time estar\u00e1 dispon\u00edvel no Vtex Training Week, um evento 100% digital que ocorrer\u00e1 nos dias 21 a 25 de setembro. Participe e conecte-se conosco!\u00a0","breadcrumb":{"@id":"https:\/\/www.pagbrasil.com\/pt-br\/blog\/eventos\/vtex-training-week-2020\/#breadcrumb"},"inLanguage":"pt-BR","potentialAction":[{"@type":"ReadAction","target":["https:\/\/www.pagbrasil.com\/pt-br\/blog\/eventos\/vtex-training-week-2020\/"]}]},{"@type":"ImageObject","inLanguage":"pt-BR","@id":"https:\/\/www.pagbrasil.com\/pt-br\/blog\/eventos\/vtex-training-week-2020\/#primaryimage","url":"https:\/\/www.pagbrasil.com\/wp-content\/uploads\/2020\/09\/vtex-training-week.jpg","contentUrl":"https:\/\/www.pagbrasil.com\/wp-content\/uploads\/2020\/09\/vtex-training-week.jpg","width":1900,"height":1700},{"@type":"BreadcrumbList","@id":"https:\/\/www.pagbrasil.com\/pt-br\/blog\/eventos\/vtex-training-week-2020\/#breadcrumb","itemListElement":[{"@type":"ListItem","position":1,"name":"Home","item":"https:\/\/www.pagbrasil.com\/pt-br\/"},{"@type":"ListItem","position":2,"name":"Eventos","item":"https:\/\/www.pagbrasil.com\/pt-br\/blog\/eventos\/"},{"@type":"ListItem","position":3,"name":"VTEX Training Week 2020"}]},{"@type":"WebSite","@id":"https:\/\/www.pagbrasil.com\/pt-br\/#website","url":"https:\/\/www.pagbrasil.com\/pt-br\/","name":"PagBrasil","description":"Processe seus pagamentos com PagBrasil, servi\u00e7o de pagamento online de excel\u00eancia para o Brasil, desenvolvido para empresas internacionais.","publisher":{"@id":"https:\/\/www.pagbrasil.com\/pt-br\/#organization"},"potentialAction":[{"@type":"SearchAction","target":{"@type":"EntryPoint","urlTemplate":"https:\/\/www.pagbrasil.com\/pt-br\/?s={search_term_string}"},"query-input":{"@type":"PropertyValueSpecification","valueRequired":true,"valueName":"search_term_string"}}],"inLanguage":"pt-BR"},{"@type":"Organization","@id":"https:\/\/www.pagbrasil.com\/pt-br\/#organization","name":"PagBrasil","url":"https:\/\/www.pagbrasil.com\/pt-br\/","logo":{"@type":"ImageObject","inLanguage":"pt-BR","@id":"https:\/\/www.pagbrasil.com\/pt-br\/#\/schema\/logo\/image\/","url":"https:\/\/www.pagbrasil.com\/wp-content\/uploads\/2023\/03\/logo-PB-2.svg","contentUrl":"https:\/\/www.pagbrasil.com\/wp-content\/uploads\/2023\/03\/logo-PB-2.svg","width":265,"height":64,"caption":"PagBrasil"},"image":{"@id":"https:\/\/www.pagbrasil.com\/pt-br\/#\/schema\/logo\/image\/"},"sameAs":["https:\/\/www.facebook.com\/pagbrasilpagamentos","https:\/\/www.linkedin.com\/company\/pagbrasil-pagamentos-eletronicos-ltda\/"]},{"@type":"Person","@id":"https:\/\/www.pagbrasil.com\/pt-br\/#\/schema\/person\/2507bb9f7319f625b76c57b0df9ddff8","name":"Paula Martins","image":{"@type":"ImageObject","inLanguage":"pt-BR","@id":"https:\/\/www.pagbrasil.com\/pt-br\/#\/schema\/person\/image\/","url":"https:\/\/secure.gravatar.com\/avatar\/6beeb185538eccaa83f88acf6cec477f68136815ad8964a0a72fb96df99c0831?s=96&d=mm&r=g","contentUrl":"https:\/\/secure.gravatar.com\/avatar\/6beeb185538eccaa83f88acf6cec477f68136815ad8964a0a72fb96df99c0831?s=96&d=mm&r=g","caption":"Paula Martins"},"description":"Paula Martins is a journalist specializing in Marketing. Her areas of expertise include payment methods, digital payments, and e-commerce. Currently, she works as a Marketing Analyst at PagBrasil. Throughout her professional journey, Paula has provided Digital Marketing consulting services to over twenty companies across Brazil in the Technology, Fintech, and Communication sectors. She has also written for the local newspaper Zero Hora \u2013 one of the largest newspapers in the southern region of Brazil \u2013 and worked as a freelance writer for the content agency Rock Content, contributing to more than a hundred articles.","sameAs":["https:\/\/x.com\/paula_cemartins"],"url":"https:\/\/www.pagbrasil.com\/pt-br\/blog\/author\/paula-martins\/"}]}},"_links":{"self":[{"href":"https:\/\/www.pagbrasil.com\/pt-br\/wp-json\/wp\/v2\/posts\/54755","targetHints":{"allow":["GET"]}}],"collection":[{"href":"https:\/\/www.pagbrasil.com\/pt-br\/wp-json\/wp\/v2\/posts"}],"about":[{"href":"https:\/\/www.pagbrasil.com\/pt-br\/wp-json\/wp\/v2\/types\/post"}],"author":[{"embeddable":true,"href":"https:\/\/www.pagbrasil.com\/pt-br\/wp-json\/wp\/v2\/users\/16"}],"replies":[{"embeddable":true,"href":"https:\/\/www.pagbrasil.com\/pt-br\/wp-json\/wp\/v2\/comments?post=54755"}],"version-history":[{"count":2,"href":"https:\/\/www.pagbrasil.com\/pt-br\/wp-json\/wp\/v2\/posts\/54755\/revisions"}],"predecessor-version":[{"id":54770,"href":"https:\/\/www.pagbrasil.com\/pt-br\/wp-json\/wp\/v2\/posts\/54755\/revisions\/54770"}],"wp:featuredmedia":[{"embeddable":true,"href":"https:\/\/www.pagbrasil.com\/pt-br\/wp-json\/wp\/v2\/media\/54752"}],"wp:attachment":[{"href":"https:\/\/www.pagbrasil.com\/pt-br\/wp-json\/wp\/v2\/media?parent=54755"}],"wp:term":[{"taxonomy":"category","embeddable":true,"href":"https:\/\/www.pagbrasil.com\/pt-br\/wp-json\/wp\/v2\/categories?post=54755"},{"taxonomy":"post_tag","embeddable":true,"href":"https:\/\/www.pagbrasil.com\/pt-br\/wp-json\/wp\/v2\/tags?post=54755"}],"curies":[{"name":"wp","href":"https:\/\/api.w.org\/{rel}","templated":true}]}}