{"id":52684,"date":"2022-12-16T11:30:48","date_gmt":"2022-12-16T14:30:48","guid":{"rendered":"https:\/\/www.pagbrasil.com\/?p=52684"},"modified":"2022-12-16T14:43:49","modified_gmt":"2022-12-16T17:43:49","slug":"compras-internacionais-devem-incluir-o-numero-de-cpf-do-consumidor","status":"publish","type":"post","link":"https:\/\/www.pagbrasil.com\/pt-br\/blog\/noticias\/compras-internacionais-devem-incluir-o-numero-de-cpf-do-consumidor\/","title":{"rendered":"Compras internacionais exigem o n\u00famero de CPF do consumidor"},"content":{"rendered":"<p>Desde 1\u00ba de janeiro de 2020, todas as compras internacionais que chegam ao Brasil devem obrigatoriamente incluir o n\u00famero de CPF do destinat\u00e1rio, ou outro documento v\u00e1lido, como CNPJ ou n\u00famero do passaporte. Encomendas que n\u00e3o atendem o requisito s\u00e3o devolvidas ou destru\u00eddas. A nova exig\u00eancia veio para atender \u00e0s normas da Receita Federal.<\/p>\n<p>A informa\u00e7\u00e3o deve ser fornecida no momento da compra online e encaminhada junto \u00e0 encomenda para o transporte. Por\u00e9m, caso o dado n\u00e3o seja informado, o destinat\u00e1rio pode prestar o n\u00famero do CPF no site dos Correios por meio do rastreamento ou no portal \u201cMinhas Importa\u00e7\u00f5es\u201d. Para isso, o consumidor dever\u00e1 se cadastrar no portal e informar os seus dados. Em seguida, basta realizar a pesquisa por encomendas e vincular as remessas no ambiente \u201cMinhas Importa\u00e7\u00f5es\u201d. Somente ap\u00f3s o fornecimento desses dados a mercadoria poder\u00e1 ser apresentada \u00e0 fiscaliza\u00e7\u00e3o aduaneira.<\/p>\n<p>Para evitar problemas com a entrega da encomenda, as lojas online devem solicitar no momento do checkout o CPF dos seus clientes para cumprir com as regras.<\/p>\n<h3>Tudo certo \u2013 e agora?<\/h3>\n<p>Com todas as informa\u00e7\u00f5es corretas, ao chegar no Brasil a mercadoria deve passar por um processo chamado de fiscaliza\u00e7\u00e3o aduaneira. Em outras palavras, o pacote dever\u00e1 passar por uma inspe\u00e7\u00e3o antes de seguir para entrega at\u00e9 o destinat\u00e1rio.<\/p>\n<p>Durante esse processo, ocorre a parametriza\u00e7\u00e3o e o despacho aduaneiro. A parametriza\u00e7\u00e3o \u00e9 dividida em quatro categorias:<\/p>\n<ul>\n<li><strong>Canal verde<\/strong>: caso em que a mercadoria \u00e9 liberada ap\u00f3s a fiscaliza\u00e7\u00e3o eletr\u00f4nica;<\/li>\n<li><strong>Canal amarelo<\/strong>: caso que exige uma fiscaliza\u00e7\u00e3o documental da mercadoria;<\/li>\n<li><strong>Canal vermelho<\/strong>: caso em que \u00e9 preciso realizar uma fiscaliza\u00e7\u00e3o documental e f\u00edsica da mercadoria;<\/li>\n<li><strong>Canal cinza<\/strong>: caso em que, al\u00e9m da fiscaliza\u00e7\u00e3o documental e f\u00edsica, ainda \u00e9 aplicado um procedimento especial de controle aduaneiro.<\/li>\n<\/ul>\n<p>Qualquer encomenda que n\u00e3o seja classificada no canal verde pode estar sujeita a taxas. Ainda, a Receita Federal pode exigir documentos que comprovem a legitimidade da compra. Para mais informa\u00e7\u00f5es, <a href=\"https:\/\/www.correios.com.br\/receber\/encomenda\/internacional]\">acesse o site dos Correios<\/a>.<\/p>\n","protected":false},"excerpt":{"rendered":"<p>Desde 1\u00ba de janeiro de 2020, todas as compras internacionais que chegam ao Brasil devem obrigatoriamente incluir o n\u00famero de [&#8230;]<\/p>\n","protected":false},"author":16,"featured_media":52685,"comment_status":"open","ping_status":"open","sticky":false,"template":"","format":"standard","meta":{"_acf_changed":false,"footnotes":""},"categories":[4],"tags":[],"class_list":["post-52684","post","type-post","status-publish","format-standard","has-post-thumbnail","hentry","category-noticias"],"acf":[],"yoast_head":"<!-- This site is optimized with the Yoast SEO plugin v25.7 - https:\/\/yoast.com\/wordpress\/plugins\/seo\/ -->\n<title>Compras internacionais exigem o n\u00famero de CPF do consumidor | PagBrasil<\/title>\n<meta name=\"description\" content=\"A partir de 1\u00ba de janeiro de 2020, todas as compras internacionais que chegarem ao Brasil dever\u00e3o incluir o n\u00famero de CPF do destinat\u00e1rio. Entenda.\" \/>\n<meta name=\"robots\" content=\"index, follow, max-snippet:-1, max-image-preview:large, max-video-preview:-1\" \/>\n<link rel=\"canonical\" href=\"https:\/\/www.pagbrasil.com\/pt-br\/blog\/noticias\/compras-internacionais-devem-incluir-o-numero-de-cpf-do-consumidor\/\" \/>\n<meta property=\"og:locale\" content=\"pt_BR\" \/>\n<meta property=\"og:type\" content=\"article\" \/>\n<meta property=\"og:title\" content=\"Compras internacionais exigem o n\u00famero de CPF do consumidor | PagBrasil\" \/>\n<meta property=\"og:description\" content=\"A partir de 1\u00ba de janeiro de 2020, todas as compras internacionais que chegarem ao Brasil dever\u00e3o incluir o n\u00famero de CPF do destinat\u00e1rio. Entenda.\" \/>\n<meta property=\"og:url\" content=\"https:\/\/www.pagbrasil.com\/pt-br\/blog\/noticias\/compras-internacionais-devem-incluir-o-numero-de-cpf-do-consumidor\/\" \/>\n<meta property=\"og:site_name\" content=\"PagBrasil\" \/>\n<meta property=\"article:publisher\" content=\"https:\/\/www.facebook.com\/pagbrasilpagamentos\" \/>\n<meta property=\"article:published_time\" content=\"2022-12-16T14:30:48+00:00\" \/>\n<meta property=\"article:modified_time\" content=\"2022-12-16T17:43:49+00:00\" \/>\n<meta property=\"og:image\" content=\"https:\/\/www.pagbrasil.com\/wp-content\/uploads\/2019\/12\/postagem-site.jpg\" \/>\n\t<meta property=\"og:image:width\" content=\"1900\" \/>\n\t<meta property=\"og:image:height\" content=\"1700\" \/>\n\t<meta property=\"og:image:type\" content=\"image\/jpeg\" \/>\n<meta name=\"author\" content=\"Paula Martins\" \/>\n<meta name=\"twitter:card\" content=\"summary_large_image\" \/>\n<meta name=\"twitter:creator\" content=\"@paula_cemartins\" \/>\n<meta name=\"twitter:label1\" content=\"Escrito por\" \/>\n\t<meta name=\"twitter:data1\" content=\"Paula Martins\" \/>\n\t<meta name=\"twitter:label2\" content=\"Est. tempo de leitura\" \/>\n\t<meta name=\"twitter:data2\" content=\"2 minutos\" \/>\n<script type=\"application\/ld+json\" class=\"yoast-schema-graph\">{\"@context\":\"https:\/\/schema.org\",\"@graph\":[{\"@type\":\"Article\",\"@id\":\"https:\/\/www.pagbrasil.com\/pt-br\/blog\/noticias\/compras-internacionais-devem-incluir-o-numero-de-cpf-do-consumidor\/#article\",\"isPartOf\":{\"@id\":\"https:\/\/www.pagbrasil.com\/pt-br\/blog\/noticias\/compras-internacionais-devem-incluir-o-numero-de-cpf-do-consumidor\/\"},\"author\":{\"name\":\"Paula Martins\",\"@id\":\"https:\/\/www.pagbrasil.com\/pt-br\/#\/schema\/person\/2507bb9f7319f625b76c57b0df9ddff8\"},\"headline\":\"Compras internacionais exigem o n\u00famero de CPF do consumidor\",\"datePublished\":\"2022-12-16T14:30:48+00:00\",\"dateModified\":\"2022-12-16T17:43:49+00:00\",\"mainEntityOfPage\":{\"@id\":\"https:\/\/www.pagbrasil.com\/pt-br\/blog\/noticias\/compras-internacionais-devem-incluir-o-numero-de-cpf-do-consumidor\/\"},\"wordCount\":359,\"commentCount\":1,\"publisher\":{\"@id\":\"https:\/\/www.pagbrasil.com\/pt-br\/#organization\"},\"image\":{\"@id\":\"https:\/\/www.pagbrasil.com\/pt-br\/blog\/noticias\/compras-internacionais-devem-incluir-o-numero-de-cpf-do-consumidor\/#primaryimage\"},\"thumbnailUrl\":\"https:\/\/www.pagbrasil.com\/wp-content\/uploads\/2019\/12\/postagem-site.jpg\",\"articleSection\":[\"Not\u00edcias\"],\"inLanguage\":\"pt-BR\",\"potentialAction\":[{\"@type\":\"CommentAction\",\"name\":\"Comment\",\"target\":[\"https:\/\/www.pagbrasil.com\/pt-br\/blog\/noticias\/compras-internacionais-devem-incluir-o-numero-de-cpf-do-consumidor\/#respond\"]}]},{\"@type\":\"WebPage\",\"@id\":\"https:\/\/www.pagbrasil.com\/pt-br\/blog\/noticias\/compras-internacionais-devem-incluir-o-numero-de-cpf-do-consumidor\/\",\"url\":\"https:\/\/www.pagbrasil.com\/pt-br\/blog\/noticias\/compras-internacionais-devem-incluir-o-numero-de-cpf-do-consumidor\/\",\"name\":\"Compras internacionais exigem o n\u00famero de CPF do consumidor | PagBrasil\",\"isPartOf\":{\"@id\":\"https:\/\/www.pagbrasil.com\/pt-br\/#website\"},\"primaryImageOfPage\":{\"@id\":\"https:\/\/www.pagbrasil.com\/pt-br\/blog\/noticias\/compras-internacionais-devem-incluir-o-numero-de-cpf-do-consumidor\/#primaryimage\"},\"image\":{\"@id\":\"https:\/\/www.pagbrasil.com\/pt-br\/blog\/noticias\/compras-internacionais-devem-incluir-o-numero-de-cpf-do-consumidor\/#primaryimage\"},\"thumbnailUrl\":\"https:\/\/www.pagbrasil.com\/wp-content\/uploads\/2019\/12\/postagem-site.jpg\",\"datePublished\":\"2022-12-16T14:30:48+00:00\",\"dateModified\":\"2022-12-16T17:43:49+00:00\",\"description\":\"A partir de 1\u00ba de janeiro de 2020, todas as compras internacionais que chegarem ao Brasil dever\u00e3o incluir o n\u00famero de CPF do destinat\u00e1rio. Entenda.\",\"breadcrumb\":{\"@id\":\"https:\/\/www.pagbrasil.com\/pt-br\/blog\/noticias\/compras-internacionais-devem-incluir-o-numero-de-cpf-do-consumidor\/#breadcrumb\"},\"inLanguage\":\"pt-BR\",\"potentialAction\":[{\"@type\":\"ReadAction\",\"target\":[\"https:\/\/www.pagbrasil.com\/pt-br\/blog\/noticias\/compras-internacionais-devem-incluir-o-numero-de-cpf-do-consumidor\/\"]}]},{\"@type\":\"ImageObject\",\"inLanguage\":\"pt-BR\",\"@id\":\"https:\/\/www.pagbrasil.com\/pt-br\/blog\/noticias\/compras-internacionais-devem-incluir-o-numero-de-cpf-do-consumidor\/#primaryimage\",\"url\":\"https:\/\/www.pagbrasil.com\/wp-content\/uploads\/2019\/12\/postagem-site.jpg\",\"contentUrl\":\"https:\/\/www.pagbrasil.com\/wp-content\/uploads\/2019\/12\/postagem-site.jpg\",\"width\":1900,\"height\":1700},{\"@type\":\"BreadcrumbList\",\"@id\":\"https:\/\/www.pagbrasil.com\/pt-br\/blog\/noticias\/compras-internacionais-devem-incluir-o-numero-de-cpf-do-consumidor\/#breadcrumb\",\"itemListElement\":[{\"@type\":\"ListItem\",\"position\":1,\"name\":\"Home\",\"item\":\"https:\/\/www.pagbrasil.com\/pt-br\/\"},{\"@type\":\"ListItem\",\"position\":2,\"name\":\"Not\u00edcias\",\"item\":\"https:\/\/www.pagbrasil.com\/pt-br\/blog\/noticias\/\"},{\"@type\":\"ListItem\",\"position\":3,\"name\":\"Compras internacionais exigem o n\u00famero de CPF do consumidor\"}]},{\"@type\":\"WebSite\",\"@id\":\"https:\/\/www.pagbrasil.com\/pt-br\/#website\",\"url\":\"https:\/\/www.pagbrasil.com\/pt-br\/\",\"name\":\"PagBrasil\",\"description\":\"Processe seus pagamentos com PagBrasil, servi\u00e7o de pagamento online de excel\u00eancia para o Brasil, desenvolvido para empresas internacionais.\",\"publisher\":{\"@id\":\"https:\/\/www.pagbrasil.com\/pt-br\/#organization\"},\"potentialAction\":[{\"@type\":\"SearchAction\",\"target\":{\"@type\":\"EntryPoint\",\"urlTemplate\":\"https:\/\/www.pagbrasil.com\/pt-br\/?s={search_term_string}\"},\"query-input\":{\"@type\":\"PropertyValueSpecification\",\"valueRequired\":true,\"valueName\":\"search_term_string\"}}],\"inLanguage\":\"pt-BR\"},{\"@type\":\"Organization\",\"@id\":\"https:\/\/www.pagbrasil.com\/pt-br\/#organization\",\"name\":\"PagBrasil\",\"url\":\"https:\/\/www.pagbrasil.com\/pt-br\/\",\"logo\":{\"@type\":\"ImageObject\",\"inLanguage\":\"pt-BR\",\"@id\":\"https:\/\/www.pagbrasil.com\/pt-br\/#\/schema\/logo\/image\/\",\"url\":\"https:\/\/www.pagbrasil.com\/wp-content\/uploads\/2023\/03\/logo-PB-2.svg\",\"contentUrl\":\"https:\/\/www.pagbrasil.com\/wp-content\/uploads\/2023\/03\/logo-PB-2.svg\",\"width\":265,\"height\":64,\"caption\":\"PagBrasil\"},\"image\":{\"@id\":\"https:\/\/www.pagbrasil.com\/pt-br\/#\/schema\/logo\/image\/\"},\"sameAs\":[\"https:\/\/www.facebook.com\/pagbrasilpagamentos\",\"https:\/\/www.linkedin.com\/company\/pagbrasil-pagamentos-eletronicos-ltda\/\"]},{\"@type\":\"Person\",\"@id\":\"https:\/\/www.pagbrasil.com\/pt-br\/#\/schema\/person\/2507bb9f7319f625b76c57b0df9ddff8\",\"name\":\"Paula Martins\",\"image\":{\"@type\":\"ImageObject\",\"inLanguage\":\"pt-BR\",\"@id\":\"https:\/\/www.pagbrasil.com\/pt-br\/#\/schema\/person\/image\/\",\"url\":\"https:\/\/secure.gravatar.com\/avatar\/6beeb185538eccaa83f88acf6cec477f68136815ad8964a0a72fb96df99c0831?s=96&d=mm&r=g\",\"contentUrl\":\"https:\/\/secure.gravatar.com\/avatar\/6beeb185538eccaa83f88acf6cec477f68136815ad8964a0a72fb96df99c0831?s=96&d=mm&r=g\",\"caption\":\"Paula Martins\"},\"description\":\"Paula Martins is a journalist specializing in Marketing. Her areas of expertise include payment methods, digital payments, and e-commerce. Currently, she works as a Marketing Analyst at PagBrasil. Throughout her professional journey, Paula has provided Digital Marketing consulting services to over twenty companies across Brazil in the Technology, Fintech, and Communication sectors. She has also written for the local newspaper Zero Hora \u2013 one of the largest newspapers in the southern region of Brazil \u2013 and worked as a freelance writer for the content agency Rock Content, contributing to more than a hundred articles.\",\"sameAs\":[\"https:\/\/x.com\/paula_cemartins\"],\"url\":\"https:\/\/www.pagbrasil.com\/pt-br\/blog\/author\/paula-martins\/\"}]}<\/script>\n<!-- \/ Yoast SEO plugin. -->","yoast_head_json":{"title":"Compras internacionais exigem o n\u00famero de CPF do consumidor | PagBrasil","description":"A partir de 1\u00ba de janeiro de 2020, todas as compras internacionais que chegarem ao Brasil dever\u00e3o incluir o n\u00famero de CPF do destinat\u00e1rio. Entenda.","robots":{"index":"index","follow":"follow","max-snippet":"max-snippet:-1","max-image-preview":"max-image-preview:large","max-video-preview":"max-video-preview:-1"},"canonical":"https:\/\/www.pagbrasil.com\/pt-br\/blog\/noticias\/compras-internacionais-devem-incluir-o-numero-de-cpf-do-consumidor\/","og_locale":"pt_BR","og_type":"article","og_title":"Compras internacionais exigem o n\u00famero de CPF do consumidor | PagBrasil","og_description":"A partir de 1\u00ba de janeiro de 2020, todas as compras internacionais que chegarem ao Brasil dever\u00e3o incluir o n\u00famero de CPF do destinat\u00e1rio. Entenda.","og_url":"https:\/\/www.pagbrasil.com\/pt-br\/blog\/noticias\/compras-internacionais-devem-incluir-o-numero-de-cpf-do-consumidor\/","og_site_name":"PagBrasil","article_publisher":"https:\/\/www.facebook.com\/pagbrasilpagamentos","article_published_time":"2022-12-16T14:30:48+00:00","article_modified_time":"2022-12-16T17:43:49+00:00","og_image":[{"width":1900,"height":1700,"url":"https:\/\/www.pagbrasil.com\/wp-content\/uploads\/2019\/12\/postagem-site.jpg","type":"image\/jpeg"}],"author":"Paula Martins","twitter_card":"summary_large_image","twitter_creator":"@paula_cemartins","twitter_misc":{"Escrito por":"Paula Martins","Est. tempo de leitura":"2 minutos"},"schema":{"@context":"https:\/\/schema.org","@graph":[{"@type":"Article","@id":"https:\/\/www.pagbrasil.com\/pt-br\/blog\/noticias\/compras-internacionais-devem-incluir-o-numero-de-cpf-do-consumidor\/#article","isPartOf":{"@id":"https:\/\/www.pagbrasil.com\/pt-br\/blog\/noticias\/compras-internacionais-devem-incluir-o-numero-de-cpf-do-consumidor\/"},"author":{"name":"Paula Martins","@id":"https:\/\/www.pagbrasil.com\/pt-br\/#\/schema\/person\/2507bb9f7319f625b76c57b0df9ddff8"},"headline":"Compras internacionais exigem o n\u00famero de CPF do consumidor","datePublished":"2022-12-16T14:30:48+00:00","dateModified":"2022-12-16T17:43:49+00:00","mainEntityOfPage":{"@id":"https:\/\/www.pagbrasil.com\/pt-br\/blog\/noticias\/compras-internacionais-devem-incluir-o-numero-de-cpf-do-consumidor\/"},"wordCount":359,"commentCount":1,"publisher":{"@id":"https:\/\/www.pagbrasil.com\/pt-br\/#organization"},"image":{"@id":"https:\/\/www.pagbrasil.com\/pt-br\/blog\/noticias\/compras-internacionais-devem-incluir-o-numero-de-cpf-do-consumidor\/#primaryimage"},"thumbnailUrl":"https:\/\/www.pagbrasil.com\/wp-content\/uploads\/2019\/12\/postagem-site.jpg","articleSection":["Not\u00edcias"],"inLanguage":"pt-BR","potentialAction":[{"@type":"CommentAction","name":"Comment","target":["https:\/\/www.pagbrasil.com\/pt-br\/blog\/noticias\/compras-internacionais-devem-incluir-o-numero-de-cpf-do-consumidor\/#respond"]}]},{"@type":"WebPage","@id":"https:\/\/www.pagbrasil.com\/pt-br\/blog\/noticias\/compras-internacionais-devem-incluir-o-numero-de-cpf-do-consumidor\/","url":"https:\/\/www.pagbrasil.com\/pt-br\/blog\/noticias\/compras-internacionais-devem-incluir-o-numero-de-cpf-do-consumidor\/","name":"Compras internacionais exigem o n\u00famero de CPF do consumidor | PagBrasil","isPartOf":{"@id":"https:\/\/www.pagbrasil.com\/pt-br\/#website"},"primaryImageOfPage":{"@id":"https:\/\/www.pagbrasil.com\/pt-br\/blog\/noticias\/compras-internacionais-devem-incluir-o-numero-de-cpf-do-consumidor\/#primaryimage"},"image":{"@id":"https:\/\/www.pagbrasil.com\/pt-br\/blog\/noticias\/compras-internacionais-devem-incluir-o-numero-de-cpf-do-consumidor\/#primaryimage"},"thumbnailUrl":"https:\/\/www.pagbrasil.com\/wp-content\/uploads\/2019\/12\/postagem-site.jpg","datePublished":"2022-12-16T14:30:48+00:00","dateModified":"2022-12-16T17:43:49+00:00","description":"A partir de 1\u00ba de janeiro de 2020, todas as compras internacionais que chegarem ao Brasil dever\u00e3o incluir o n\u00famero de CPF do destinat\u00e1rio. Entenda.","breadcrumb":{"@id":"https:\/\/www.pagbrasil.com\/pt-br\/blog\/noticias\/compras-internacionais-devem-incluir-o-numero-de-cpf-do-consumidor\/#breadcrumb"},"inLanguage":"pt-BR","potentialAction":[{"@type":"ReadAction","target":["https:\/\/www.pagbrasil.com\/pt-br\/blog\/noticias\/compras-internacionais-devem-incluir-o-numero-de-cpf-do-consumidor\/"]}]},{"@type":"ImageObject","inLanguage":"pt-BR","@id":"https:\/\/www.pagbrasil.com\/pt-br\/blog\/noticias\/compras-internacionais-devem-incluir-o-numero-de-cpf-do-consumidor\/#primaryimage","url":"https:\/\/www.pagbrasil.com\/wp-content\/uploads\/2019\/12\/postagem-site.jpg","contentUrl":"https:\/\/www.pagbrasil.com\/wp-content\/uploads\/2019\/12\/postagem-site.jpg","width":1900,"height":1700},{"@type":"BreadcrumbList","@id":"https:\/\/www.pagbrasil.com\/pt-br\/blog\/noticias\/compras-internacionais-devem-incluir-o-numero-de-cpf-do-consumidor\/#breadcrumb","itemListElement":[{"@type":"ListItem","position":1,"name":"Home","item":"https:\/\/www.pagbrasil.com\/pt-br\/"},{"@type":"ListItem","position":2,"name":"Not\u00edcias","item":"https:\/\/www.pagbrasil.com\/pt-br\/blog\/noticias\/"},{"@type":"ListItem","position":3,"name":"Compras internacionais exigem o n\u00famero de CPF do consumidor"}]},{"@type":"WebSite","@id":"https:\/\/www.pagbrasil.com\/pt-br\/#website","url":"https:\/\/www.pagbrasil.com\/pt-br\/","name":"PagBrasil","description":"Processe seus pagamentos com PagBrasil, servi\u00e7o de pagamento online de excel\u00eancia para o Brasil, desenvolvido para empresas internacionais.","publisher":{"@id":"https:\/\/www.pagbrasil.com\/pt-br\/#organization"},"potentialAction":[{"@type":"SearchAction","target":{"@type":"EntryPoint","urlTemplate":"https:\/\/www.pagbrasil.com\/pt-br\/?s={search_term_string}"},"query-input":{"@type":"PropertyValueSpecification","valueRequired":true,"valueName":"search_term_string"}}],"inLanguage":"pt-BR"},{"@type":"Organization","@id":"https:\/\/www.pagbrasil.com\/pt-br\/#organization","name":"PagBrasil","url":"https:\/\/www.pagbrasil.com\/pt-br\/","logo":{"@type":"ImageObject","inLanguage":"pt-BR","@id":"https:\/\/www.pagbrasil.com\/pt-br\/#\/schema\/logo\/image\/","url":"https:\/\/www.pagbrasil.com\/wp-content\/uploads\/2023\/03\/logo-PB-2.svg","contentUrl":"https:\/\/www.pagbrasil.com\/wp-content\/uploads\/2023\/03\/logo-PB-2.svg","width":265,"height":64,"caption":"PagBrasil"},"image":{"@id":"https:\/\/www.pagbrasil.com\/pt-br\/#\/schema\/logo\/image\/"},"sameAs":["https:\/\/www.facebook.com\/pagbrasilpagamentos","https:\/\/www.linkedin.com\/company\/pagbrasil-pagamentos-eletronicos-ltda\/"]},{"@type":"Person","@id":"https:\/\/www.pagbrasil.com\/pt-br\/#\/schema\/person\/2507bb9f7319f625b76c57b0df9ddff8","name":"Paula Martins","image":{"@type":"ImageObject","inLanguage":"pt-BR","@id":"https:\/\/www.pagbrasil.com\/pt-br\/#\/schema\/person\/image\/","url":"https:\/\/secure.gravatar.com\/avatar\/6beeb185538eccaa83f88acf6cec477f68136815ad8964a0a72fb96df99c0831?s=96&d=mm&r=g","contentUrl":"https:\/\/secure.gravatar.com\/avatar\/6beeb185538eccaa83f88acf6cec477f68136815ad8964a0a72fb96df99c0831?s=96&d=mm&r=g","caption":"Paula Martins"},"description":"Paula Martins is a journalist specializing in Marketing. Her areas of expertise include payment methods, digital payments, and e-commerce. Currently, she works as a Marketing Analyst at PagBrasil. Throughout her professional journey, Paula has provided Digital Marketing consulting services to over twenty companies across Brazil in the Technology, Fintech, and Communication sectors. She has also written for the local newspaper Zero Hora \u2013 one of the largest newspapers in the southern region of Brazil \u2013 and worked as a freelance writer for the content agency Rock Content, contributing to more than a hundred articles.","sameAs":["https:\/\/x.com\/paula_cemartins"],"url":"https:\/\/www.pagbrasil.com\/pt-br\/blog\/author\/paula-martins\/"}]}},"_links":{"self":[{"href":"https:\/\/www.pagbrasil.com\/pt-br\/wp-json\/wp\/v2\/posts\/52684","targetHints":{"allow":["GET"]}}],"collection":[{"href":"https:\/\/www.pagbrasil.com\/pt-br\/wp-json\/wp\/v2\/posts"}],"about":[{"href":"https:\/\/www.pagbrasil.com\/pt-br\/wp-json\/wp\/v2\/types\/post"}],"author":[{"embeddable":true,"href":"https:\/\/www.pagbrasil.com\/pt-br\/wp-json\/wp\/v2\/users\/16"}],"replies":[{"embeddable":true,"href":"https:\/\/www.pagbrasil.com\/pt-br\/wp-json\/wp\/v2\/comments?post=52684"}],"version-history":[{"count":7,"href":"https:\/\/www.pagbrasil.com\/pt-br\/wp-json\/wp\/v2\/posts\/52684\/revisions"}],"predecessor-version":[{"id":68039,"href":"https:\/\/www.pagbrasil.com\/pt-br\/wp-json\/wp\/v2\/posts\/52684\/revisions\/68039"}],"wp:featuredmedia":[{"embeddable":true,"href":"https:\/\/www.pagbrasil.com\/pt-br\/wp-json\/wp\/v2\/media\/52685"}],"wp:attachment":[{"href":"https:\/\/www.pagbrasil.com\/pt-br\/wp-json\/wp\/v2\/media?parent=52684"}],"wp:term":[{"taxonomy":"category","embeddable":true,"href":"https:\/\/www.pagbrasil.com\/pt-br\/wp-json\/wp\/v2\/categories?post=52684"},{"taxonomy":"post_tag","embeddable":true,"href":"https:\/\/www.pagbrasil.com\/pt-br\/wp-json\/wp\/v2\/tags?post=52684"}],"curies":[{"name":"wp","href":"https:\/\/api.w.org\/{rel}","templated":true}]}}