{"id":49248,"date":"2019-07-18T12:19:41","date_gmt":"2019-07-18T15:19:41","guid":{"rendered":"https:\/\/www.pagbrasil.com\/?p=49248"},"modified":"2019-09-26T15:09:57","modified_gmt":"2019-09-26T18:09:57","slug":"forum-e-commerce-brasil-10-anos","status":"publish","type":"post","link":"https:\/\/www.pagbrasil.com\/pt-br\/blog\/noticias\/forum-e-commerce-brasil-10-anos\/","title":{"rendered":"F\u00f3rum E-commerce Brasil: destaques do 10\u00ba anivers\u00e1rio do evento"},"content":{"rendered":"<p>Este ano, o F\u00f3rum E-commerce Brasil est\u00e1 celebrou 10 anos. O evento contou com mais de 16 mil visitantes e mais de 200 expositores, um novo record para a organiza\u00e7\u00e3o, com palestrantes dos Estados Unidos, M\u00e9xico, Austr\u00e1lia, Portugal e R\u00fassia.<\/p>\n<p>O evento contou com oito \u00e1reas de conte\u00fado e 15 salas de confer\u00eancia com uma agendada lotada durante os tr\u00eas dias. Os visitantes tiveram a oportunidade de aprender mais sobre marketplaces, marketing digital, gest\u00e3o de neg\u00f3cios, log\u00edstica, entre muitas outras \u00e1reas relacionadas com o e-commerce.<\/p>\n<p>&nbsp;<\/p>\n<h3>A PagBrasil no F\u00f3rum E-commerce Brasil<\/h3>\n<p>Como apoiador habitual do projeto E-commerce Brasil, a PagBrasil tamb\u00e9m esteve presente nesta <a href=\"https:\/\/www.pagbrasil.com\/events\/forum-e-commerce-brasil-pagbrasil\/\" target=\"_blank\" rel=\"noopener noreferrer\">edi\u00e7\u00e3o<\/a> especial do evento. Neste ano, tivemos um stand e tamb\u00e9m patrocinamos os momentos de alimenta\u00e7\u00e3o do evento. Foi um prazer colaborar com o E-commerce Brasil novamente, e gostar\u00edamos de agradecer \u00e0 equipe organizadora.<\/p>\n<p>Al\u00e9m disso, nosso CEO, ralf Germer, conversou com a Gabriela Manzini, do Digital Talks, sobre a experi\u00eancia do usu\u00e1rio com pagamentos m\u00f3veis. Ele tamb\u00e9m foi um dos palestrantes no dia 18 de julho e falou de como a popula\u00e7\u00e3o desbancarizada no Brasil representa uma grande oportunidade para os neg\u00f3cios de e-commerce.<\/p>\n<p>A PagBrasil tamb\u00e9m organizou um jantar para lideran\u00e7as do e-commerce, que contou com a presen\u00e7a de representantes da Beleza na Web, Avast, Kingstone Store, Calzedonia e Air Fox.<\/p>\n<p>&nbsp;<\/p>\n<h3>Destaques do evento<\/h3>\n<p>O E-commerce Brasil compartilhou alguns v\u00eddeos com destaques. Voc\u00ea pode conferir o primeiro dia <a href=\"https:\/\/www.youtube.com\/watch?v=yLxIvvbWolc\" target=\"_blank\" rel=\"noopener noreferrer\">aqui<\/a>, e o segundo dia <a href=\"https:\/\/www.youtube.com\/watch?v=KVByyEG7nSY\" target=\"_blank\" rel=\"noopener noreferrer\">dia<\/a>. Confira tamb\u00e9m algumas das fotos tiradas pela nossa equipe.<\/p>\n<div id=\"grid\" class=\"gallery-grid\" data-columns><figure class='gallery-item'>\n\t\t\t\n\t\t\t\t<a class=\"gallery content\" rel=\"group\" href='https:\/\/www.pagbrasil.com\/wp-content\/uploads\/2019\/07\/22.png'><img loading=\"lazy\" decoding=\"async\" width=\"640\" height=\"640\" src=\"https:\/\/www.pagbrasil.com\/wp-content\/uploads\/2019\/07\/22.png\" class=\"attachment-large size-large\" alt=\"\" srcset=\"https:\/\/www.pagbrasil.com\/wp-content\/uploads\/2019\/07\/22.png 1000w, https:\/\/www.pagbrasil.com\/wp-content\/uploads\/2019\/07\/22-150x150.png 150w, https:\/\/www.pagbrasil.com\/wp-content\/uploads\/2019\/07\/22-300x300.png 300w, https:\/\/www.pagbrasil.com\/wp-content\/uploads\/2019\/07\/22-768x768.png 768w\" sizes=\"auto, (max-width: 640px) 100vw, 640px\" \/><\/a>\n\t\t\t<\/figure><figure class='gallery-item'>\n\t\t\t\n\t\t\t\t<a class=\"gallery content\" rel=\"group\" href='https:\/\/www.pagbrasil.com\/wp-content\/uploads\/2019\/07\/3.png'><img loading=\"lazy\" decoding=\"async\" width=\"640\" height=\"640\" src=\"https:\/\/www.pagbrasil.com\/wp-content\/uploads\/2019\/07\/3.png\" class=\"attachment-large size-large\" alt=\"\" srcset=\"https:\/\/www.pagbrasil.com\/wp-content\/uploads\/2019\/07\/3.png 1000w, https:\/\/www.pagbrasil.com\/wp-content\/uploads\/2019\/07\/3-150x150.png 150w, https:\/\/www.pagbrasil.com\/wp-content\/uploads\/2019\/07\/3-300x300.png 300w, https:\/\/www.pagbrasil.com\/wp-content\/uploads\/2019\/07\/3-768x768.png 768w\" sizes=\"auto, (max-width: 640px) 100vw, 640px\" \/><\/a>\n\t\t\t<\/figure><figure class='gallery-item'>\n\t\t\t\n\t\t\t\t<a class=\"gallery content\" rel=\"group\" href='https:\/\/www.pagbrasil.com\/wp-content\/uploads\/2019\/07\/4.jpeg'><img loading=\"lazy\" decoding=\"async\" width=\"640\" height=\"640\" src=\"https:\/\/www.pagbrasil.com\/wp-content\/uploads\/2019\/07\/4.jpeg\" class=\"attachment-large size-large\" alt=\"F\u00f3rum E-commerce Brasil\" srcset=\"https:\/\/www.pagbrasil.com\/wp-content\/uploads\/2019\/07\/4.jpeg 1000w, https:\/\/www.pagbrasil.com\/wp-content\/uploads\/2019\/07\/4-150x150.jpeg 150w, https:\/\/www.pagbrasil.com\/wp-content\/uploads\/2019\/07\/4-300x300.jpeg 300w, https:\/\/www.pagbrasil.com\/wp-content\/uploads\/2019\/07\/4-768x768.jpeg 768w\" sizes=\"auto, (max-width: 640px) 100vw, 640px\" \/><\/a>\n\t\t\t<\/figure><figure class='gallery-item'>\n\t\t\t\n\t\t\t\t<a class=\"gallery content\" rel=\"group\" href='https:\/\/www.pagbrasil.com\/wp-content\/uploads\/2019\/07\/5.jpeg'><img loading=\"lazy\" decoding=\"async\" width=\"640\" height=\"640\" src=\"https:\/\/www.pagbrasil.com\/wp-content\/uploads\/2019\/07\/5.jpeg\" class=\"attachment-large size-large\" alt=\"\" srcset=\"https:\/\/www.pagbrasil.com\/wp-content\/uploads\/2019\/07\/5.jpeg 1000w, https:\/\/www.pagbrasil.com\/wp-content\/uploads\/2019\/07\/5-150x150.jpeg 150w, https:\/\/www.pagbrasil.com\/wp-content\/uploads\/2019\/07\/5-300x300.jpeg 300w, https:\/\/www.pagbrasil.com\/wp-content\/uploads\/2019\/07\/5-768x768.jpeg 768w\" sizes=\"auto, (max-width: 640px) 100vw, 640px\" \/><\/a>\n\t\t\t<\/figure><figure class='gallery-item'>\n\t\t\t\n\t\t\t\t<a class=\"gallery content\" rel=\"group\" href='https:\/\/www.pagbrasil.com\/wp-content\/uploads\/2019\/07\/6.jpeg'><img loading=\"lazy\" decoding=\"async\" width=\"640\" height=\"640\" src=\"https:\/\/www.pagbrasil.com\/wp-content\/uploads\/2019\/07\/6.jpeg\" class=\"attachment-large size-large\" alt=\"\" srcset=\"https:\/\/www.pagbrasil.com\/wp-content\/uploads\/2019\/07\/6.jpeg 1000w, https:\/\/www.pagbrasil.com\/wp-content\/uploads\/2019\/07\/6-150x150.jpeg 150w, https:\/\/www.pagbrasil.com\/wp-content\/uploads\/2019\/07\/6-300x300.jpeg 300w, https:\/\/www.pagbrasil.com\/wp-content\/uploads\/2019\/07\/6-768x768.jpeg 768w\" sizes=\"auto, (max-width: 640px) 100vw, 640px\" \/><\/a>\n\t\t\t<\/figure><figure class='gallery-item'>\n\t\t\t\n\t\t\t\t<a class=\"gallery content\" rel=\"group\" href='https:\/\/www.pagbrasil.com\/wp-content\/uploads\/2019\/07\/7.png'><img loading=\"lazy\" decoding=\"async\" width=\"640\" height=\"640\" src=\"https:\/\/www.pagbrasil.com\/wp-content\/uploads\/2019\/07\/7.png\" class=\"attachment-large size-large\" alt=\"\" srcset=\"https:\/\/www.pagbrasil.com\/wp-content\/uploads\/2019\/07\/7.png 1000w, https:\/\/www.pagbrasil.com\/wp-content\/uploads\/2019\/07\/7-150x150.png 150w, https:\/\/www.pagbrasil.com\/wp-content\/uploads\/2019\/07\/7-300x300.png 300w, https:\/\/www.pagbrasil.com\/wp-content\/uploads\/2019\/07\/7-768x768.png 768w\" sizes=\"auto, (max-width: 640px) 100vw, 640px\" \/><\/a>\n\t\t\t<\/figure><figure class='gallery-item'>\n\t\t\t\n\t\t\t\t<a class=\"gallery content\" rel=\"group\" href='https:\/\/www.pagbrasil.com\/wp-content\/uploads\/2019\/07\/8.png'><img loading=\"lazy\" decoding=\"async\" width=\"640\" height=\"640\" src=\"https:\/\/www.pagbrasil.com\/wp-content\/uploads\/2019\/07\/8.png\" class=\"attachment-large size-large\" alt=\"\" srcset=\"https:\/\/www.pagbrasil.com\/wp-content\/uploads\/2019\/07\/8.png 1000w, https:\/\/www.pagbrasil.com\/wp-content\/uploads\/2019\/07\/8-150x150.png 150w, https:\/\/www.pagbrasil.com\/wp-content\/uploads\/2019\/07\/8-300x300.png 300w, https:\/\/www.pagbrasil.com\/wp-content\/uploads\/2019\/07\/8-768x768.png 768w\" sizes=\"auto, (max-width: 640px) 100vw, 640px\" \/><\/a>\n\t\t\t<\/figure><figure class='gallery-item'>\n\t\t\t\n\t\t\t\t<a class=\"gallery content\" rel=\"group\" href='https:\/\/www.pagbrasil.com\/wp-content\/uploads\/2019\/07\/9.png'><img loading=\"lazy\" decoding=\"async\" width=\"640\" height=\"640\" src=\"https:\/\/www.pagbrasil.com\/wp-content\/uploads\/2019\/07\/9.png\" class=\"attachment-large size-large\" alt=\"\" srcset=\"https:\/\/www.pagbrasil.com\/wp-content\/uploads\/2019\/07\/9.png 1000w, https:\/\/www.pagbrasil.com\/wp-content\/uploads\/2019\/07\/9-150x150.png 150w, https:\/\/www.pagbrasil.com\/wp-content\/uploads\/2019\/07\/9-300x300.png 300w, https:\/\/www.pagbrasil.com\/wp-content\/uploads\/2019\/07\/9-768x768.png 768w\" sizes=\"auto, (max-width: 640px) 100vw, 640px\" \/><\/a>\n\t\t\t<\/figure><figure class='gallery-item'>\n\t\t\t\n\t\t\t\t<a class=\"gallery content\" rel=\"group\" href='https:\/\/www.pagbrasil.com\/wp-content\/uploads\/2019\/07\/10.png'><img loading=\"lazy\" decoding=\"async\" width=\"640\" height=\"640\" src=\"https:\/\/www.pagbrasil.com\/wp-content\/uploads\/2019\/07\/10.png\" class=\"attachment-large size-large\" alt=\"\" srcset=\"https:\/\/www.pagbrasil.com\/wp-content\/uploads\/2019\/07\/10.png 1000w, https:\/\/www.pagbrasil.com\/wp-content\/uploads\/2019\/07\/10-150x150.png 150w, https:\/\/www.pagbrasil.com\/wp-content\/uploads\/2019\/07\/10-300x300.png 300w, https:\/\/www.pagbrasil.com\/wp-content\/uploads\/2019\/07\/10-768x768.png 768w\" sizes=\"auto, (max-width: 640px) 100vw, 640px\" \/><\/a>\n\t\t\t<\/figure><figure class='gallery-item'>\n\t\t\t\n\t\t\t\t<a class=\"gallery content\" rel=\"group\" href='https:\/\/www.pagbrasil.com\/wp-content\/uploads\/2019\/07\/11.png'><img loading=\"lazy\" decoding=\"async\" width=\"640\" height=\"640\" src=\"https:\/\/www.pagbrasil.com\/wp-content\/uploads\/2019\/07\/11.png\" class=\"attachment-large size-large\" alt=\"\" srcset=\"https:\/\/www.pagbrasil.com\/wp-content\/uploads\/2019\/07\/11.png 1000w, https:\/\/www.pagbrasil.com\/wp-content\/uploads\/2019\/07\/11-150x150.png 150w, https:\/\/www.pagbrasil.com\/wp-content\/uploads\/2019\/07\/11-300x300.png 300w, https:\/\/www.pagbrasil.com\/wp-content\/uploads\/2019\/07\/11-768x768.png 768w\" sizes=\"auto, (max-width: 640px) 100vw, 640px\" \/><\/a>\n\t\t\t<\/figure><figure class='gallery-item'>\n\t\t\t\n\t\t\t\t<a class=\"gallery content\" rel=\"group\" href='https:\/\/www.pagbrasil.com\/wp-content\/uploads\/2019\/07\/12.png'><img loading=\"lazy\" decoding=\"async\" width=\"640\" height=\"640\" src=\"https:\/\/www.pagbrasil.com\/wp-content\/uploads\/2019\/07\/12.png\" class=\"attachment-large size-large\" alt=\"\" srcset=\"https:\/\/www.pagbrasil.com\/wp-content\/uploads\/2019\/07\/12.png 1000w, https:\/\/www.pagbrasil.com\/wp-content\/uploads\/2019\/07\/12-150x150.png 150w, https:\/\/www.pagbrasil.com\/wp-content\/uploads\/2019\/07\/12-300x300.png 300w, https:\/\/www.pagbrasil.com\/wp-content\/uploads\/2019\/07\/12-768x768.png 768w\" sizes=\"auto, (max-width: 640px) 100vw, 640px\" \/><\/a>\n\t\t\t<\/figure><figure class='gallery-item'>\n\t\t\t\n\t\t\t\t<a class=\"gallery content\" rel=\"group\" href='https:\/\/www.pagbrasil.com\/wp-content\/uploads\/2019\/07\/18.png'><img loading=\"lazy\" decoding=\"async\" width=\"640\" height=\"488\" src=\"https:\/\/www.pagbrasil.com\/wp-content\/uploads\/2019\/07\/18-1024x781.png\" class=\"attachment-large size-large\" alt=\"\" srcset=\"https:\/\/www.pagbrasil.com\/wp-content\/uploads\/2019\/07\/18-1024x781.png 1024w, https:\/\/www.pagbrasil.com\/wp-content\/uploads\/2019\/07\/18-300x229.png 300w, https:\/\/www.pagbrasil.com\/wp-content\/uploads\/2019\/07\/18-768x586.png 768w, https:\/\/www.pagbrasil.com\/wp-content\/uploads\/2019\/07\/18.png 1311w\" sizes=\"auto, (max-width: 640px) 100vw, 640px\" \/><\/a>\n\t\t\t<\/figure><figure class='gallery-item'>\n\t\t\t\n\t\t\t\t<a class=\"gallery content\" rel=\"group\" href='https:\/\/www.pagbrasil.com\/wp-content\/uploads\/2019\/07\/13.png'><img loading=\"lazy\" decoding=\"async\" width=\"640\" height=\"640\" src=\"https:\/\/www.pagbrasil.com\/wp-content\/uploads\/2019\/07\/13.png\" class=\"attachment-large size-large\" alt=\"\" srcset=\"https:\/\/www.pagbrasil.com\/wp-content\/uploads\/2019\/07\/13.png 1000w, https:\/\/www.pagbrasil.com\/wp-content\/uploads\/2019\/07\/13-150x150.png 150w, https:\/\/www.pagbrasil.com\/wp-content\/uploads\/2019\/07\/13-300x300.png 300w, https:\/\/www.pagbrasil.com\/wp-content\/uploads\/2019\/07\/13-768x768.png 768w\" sizes=\"auto, (max-width: 640px) 100vw, 640px\" \/><\/a>\n\t\t\t<\/figure><figure class='gallery-item'>\n\t\t\t\n\t\t\t\t<a class=\"gallery content\" rel=\"group\" href='https:\/\/www.pagbrasil.com\/wp-content\/uploads\/2019\/07\/14.png'><img loading=\"lazy\" decoding=\"async\" width=\"640\" height=\"640\" src=\"https:\/\/www.pagbrasil.com\/wp-content\/uploads\/2019\/07\/14.png\" class=\"attachment-large size-large\" alt=\"\" srcset=\"https:\/\/www.pagbrasil.com\/wp-content\/uploads\/2019\/07\/14.png 1000w, https:\/\/www.pagbrasil.com\/wp-content\/uploads\/2019\/07\/14-150x150.png 150w, https:\/\/www.pagbrasil.com\/wp-content\/uploads\/2019\/07\/14-300x300.png 300w, https:\/\/www.pagbrasil.com\/wp-content\/uploads\/2019\/07\/14-768x768.png 768w\" sizes=\"auto, (max-width: 640px) 100vw, 640px\" \/><\/a>\n\t\t\t<\/figure><figure class='gallery-item'>\n\t\t\t\n\t\t\t\t<a class=\"gallery content\" rel=\"group\" href='https:\/\/www.pagbrasil.com\/wp-content\/uploads\/2019\/07\/15.png'><img loading=\"lazy\" decoding=\"async\" width=\"640\" height=\"640\" src=\"https:\/\/www.pagbrasil.com\/wp-content\/uploads\/2019\/07\/15.png\" class=\"attachment-large size-large\" alt=\"\" srcset=\"https:\/\/www.pagbrasil.com\/wp-content\/uploads\/2019\/07\/15.png 1000w, https:\/\/www.pagbrasil.com\/wp-content\/uploads\/2019\/07\/15-150x150.png 150w, https:\/\/www.pagbrasil.com\/wp-content\/uploads\/2019\/07\/15-300x300.png 300w, https:\/\/www.pagbrasil.com\/wp-content\/uploads\/2019\/07\/15-768x768.png 768w\" sizes=\"auto, (max-width: 640px) 100vw, 640px\" \/><\/a>\n\t\t\t<\/figure><figure class='gallery-item'>\n\t\t\t\n\t\t\t\t<a class=\"gallery content\" rel=\"group\" href='https:\/\/www.pagbrasil.com\/wp-content\/uploads\/2019\/07\/16.png'><img loading=\"lazy\" decoding=\"async\" width=\"640\" height=\"640\" src=\"https:\/\/www.pagbrasil.com\/wp-content\/uploads\/2019\/07\/16.png\" class=\"attachment-large size-large\" alt=\"\" srcset=\"https:\/\/www.pagbrasil.com\/wp-content\/uploads\/2019\/07\/16.png 1000w, https:\/\/www.pagbrasil.com\/wp-content\/uploads\/2019\/07\/16-150x150.png 150w, https:\/\/www.pagbrasil.com\/wp-content\/uploads\/2019\/07\/16-300x300.png 300w, https:\/\/www.pagbrasil.com\/wp-content\/uploads\/2019\/07\/16-768x768.png 768w\" sizes=\"auto, (max-width: 640px) 100vw, 640px\" \/><\/a>\n\t\t\t<\/figure><figure class='gallery-item'>\n\t\t\t\n\t\t\t\t<a class=\"gallery content\" rel=\"group\" href='https:\/\/www.pagbrasil.com\/wp-content\/uploads\/2019\/07\/17.png'><img loading=\"lazy\" decoding=\"async\" width=\"640\" height=\"488\" src=\"https:\/\/www.pagbrasil.com\/wp-content\/uploads\/2019\/07\/17-1024x781.png\" class=\"attachment-large size-large\" alt=\"\" srcset=\"https:\/\/www.pagbrasil.com\/wp-content\/uploads\/2019\/07\/17-1024x781.png 1024w, https:\/\/www.pagbrasil.com\/wp-content\/uploads\/2019\/07\/17-300x229.png 300w, https:\/\/www.pagbrasil.com\/wp-content\/uploads\/2019\/07\/17-768x586.png 768w, https:\/\/www.pagbrasil.com\/wp-content\/uploads\/2019\/07\/17.png 1311w\" sizes=\"auto, (max-width: 640px) 100vw, 640px\" \/><\/a>\n\t\t\t<\/figure><figure class='gallery-item'>\n\t\t\t\n\t\t\t\t<a class=\"gallery content\" rel=\"group\" href='https:\/\/www.pagbrasil.com\/wp-content\/uploads\/2019\/07\/22-1.png'><img loading=\"lazy\" decoding=\"async\" width=\"640\" height=\"640\" src=\"https:\/\/www.pagbrasil.com\/wp-content\/uploads\/2019\/07\/22-1.png\" class=\"attachment-large size-large\" alt=\"\" srcset=\"https:\/\/www.pagbrasil.com\/wp-content\/uploads\/2019\/07\/22-1.png 1000w, https:\/\/www.pagbrasil.com\/wp-content\/uploads\/2019\/07\/22-1-150x150.png 150w, https:\/\/www.pagbrasil.com\/wp-content\/uploads\/2019\/07\/22-1-300x300.png 300w, https:\/\/www.pagbrasil.com\/wp-content\/uploads\/2019\/07\/22-1-768x768.png 768w\" sizes=\"auto, (max-width: 640px) 100vw, 640px\" \/><\/a>\n\t\t\t<\/figure><figure class='gallery-item'>\n\t\t\t\n\t\t\t\t<a class=\"gallery content\" rel=\"group\" href='https:\/\/www.pagbrasil.com\/wp-content\/uploads\/2019\/07\/122.png'><img loading=\"lazy\" decoding=\"async\" width=\"640\" height=\"640\" src=\"https:\/\/www.pagbrasil.com\/wp-content\/uploads\/2019\/07\/122.png\" class=\"attachment-large size-large\" alt=\"\" srcset=\"https:\/\/www.pagbrasil.com\/wp-content\/uploads\/2019\/07\/122.png 1000w, https:\/\/www.pagbrasil.com\/wp-content\/uploads\/2019\/07\/122-150x150.png 150w, https:\/\/www.pagbrasil.com\/wp-content\/uploads\/2019\/07\/122-300x300.png 300w, https:\/\/www.pagbrasil.com\/wp-content\/uploads\/2019\/07\/122-768x768.png 768w\" sizes=\"auto, (max-width: 640px) 100vw, 640px\" \/><\/a>\n\t\t\t<\/figure>\n\t\t\n<\/div>\n","protected":false},"excerpt":{"rendered":"<p>Este ano, o F\u00f3rum E-commerce Brasil est\u00e1 celebrou 10 anos. O evento contou com mais de 16 mil visitantes e [&#8230;]<\/p>\n","protected":false},"author":8,"featured_media":49191,"comment_status":"open","ping_status":"open","sticky":false,"template":"","format":"standard","meta":{"_acf_changed":false,"footnotes":""},"categories":[4],"tags":[],"class_list":["post-49248","post","type-post","status-publish","format-standard","has-post-thumbnail","hentry","category-noticias"],"acf":[],"yoast_head":"<!-- This site is optimized with the Yoast SEO plugin v25.7 - https:\/\/yoast.com\/wordpress\/plugins\/seo\/ -->\n<title>F\u00f3rum E-commerce Brasil: destaques do 10\u00ba anivers\u00e1rio do evento<\/title>\n<meta name=\"description\" content=\"Este ano, o F\u00f3rum E-commerce Brasil celebrou 10 anos e a PagBrasil esteve l\u00e1. Confira os destaques do evento, que contou com mais de 16 mil visitantes.\" \/>\n<meta name=\"robots\" content=\"index, follow, max-snippet:-1, max-image-preview:large, max-video-preview:-1\" \/>\n<link rel=\"canonical\" href=\"https:\/\/www.pagbrasil.com\/pt-br\/blog\/noticias\/forum-e-commerce-brasil-10-anos\/\" \/>\n<meta property=\"og:locale\" content=\"pt_BR\" \/>\n<meta property=\"og:type\" content=\"article\" \/>\n<meta property=\"og:title\" content=\"F\u00f3rum E-commerce Brasil: destaques do 10\u00ba anivers\u00e1rio do evento\" \/>\n<meta property=\"og:description\" content=\"Este ano, o F\u00f3rum E-commerce Brasil celebrou 10 anos e a PagBrasil esteve l\u00e1. Confira os destaques do evento, que contou com mais de 16 mil visitantes.\" \/>\n<meta property=\"og:url\" content=\"https:\/\/www.pagbrasil.com\/pt-br\/blog\/noticias\/forum-e-commerce-brasil-10-anos\/\" \/>\n<meta property=\"og:site_name\" content=\"PagBrasil\" \/>\n<meta property=\"article:publisher\" content=\"https:\/\/www.facebook.com\/pagbrasilpagamentos\" \/>\n<meta property=\"article:published_time\" content=\"2019-07-18T15:19:41+00:00\" \/>\n<meta property=\"article:modified_time\" content=\"2019-09-26T18:09:57+00:00\" \/>\n<meta property=\"og:image\" content=\"https:\/\/www.pagbrasil.com\/wp-content\/uploads\/2019\/07\/4.jpeg\" \/>\n\t<meta property=\"og:image:width\" content=\"1000\" \/>\n\t<meta property=\"og:image:height\" content=\"1000\" \/>\n\t<meta property=\"og:image:type\" content=\"image\/jpeg\" \/>\n<meta name=\"author\" content=\"Bianca Lopez\" \/>\n<meta name=\"twitter:card\" content=\"summary_large_image\" \/>\n<meta name=\"twitter:creator\" content=\"@biancamvickers\" \/>\n<meta name=\"twitter:label1\" content=\"Escrito por\" \/>\n\t<meta name=\"twitter:data1\" content=\"Bianca Lopez\" \/>\n\t<meta name=\"twitter:label2\" content=\"Est. tempo de leitura\" \/>\n\t<meta name=\"twitter:data2\" content=\"1 minuto\" \/>\n<script type=\"application\/ld+json\" class=\"yoast-schema-graph\">{\"@context\":\"https:\/\/schema.org\",\"@graph\":[{\"@type\":\"Article\",\"@id\":\"https:\/\/www.pagbrasil.com\/pt-br\/blog\/noticias\/forum-e-commerce-brasil-10-anos\/#article\",\"isPartOf\":{\"@id\":\"https:\/\/www.pagbrasil.com\/pt-br\/blog\/noticias\/forum-e-commerce-brasil-10-anos\/\"},\"author\":{\"name\":\"Bianca Lopez\",\"@id\":\"https:\/\/www.pagbrasil.com\/pt-br\/#\/schema\/person\/f1d63f5a18dd6b4c4d67fc7964faf9c4\"},\"headline\":\"F\u00f3rum E-commerce Brasil: destaques do 10\u00ba anivers\u00e1rio do evento\",\"datePublished\":\"2019-07-18T15:19:41+00:00\",\"dateModified\":\"2019-09-26T18:09:57+00:00\",\"mainEntityOfPage\":{\"@id\":\"https:\/\/www.pagbrasil.com\/pt-br\/blog\/noticias\/forum-e-commerce-brasil-10-anos\/\"},\"wordCount\":287,\"commentCount\":0,\"publisher\":{\"@id\":\"https:\/\/www.pagbrasil.com\/pt-br\/#organization\"},\"image\":{\"@id\":\"https:\/\/www.pagbrasil.com\/pt-br\/blog\/noticias\/forum-e-commerce-brasil-10-anos\/#primaryimage\"},\"thumbnailUrl\":\"https:\/\/www.pagbrasil.com\/wp-content\/uploads\/2019\/07\/4.jpeg\",\"articleSection\":[\"Not\u00edcias\"],\"inLanguage\":\"pt-BR\",\"potentialAction\":[{\"@type\":\"CommentAction\",\"name\":\"Comment\",\"target\":[\"https:\/\/www.pagbrasil.com\/pt-br\/blog\/noticias\/forum-e-commerce-brasil-10-anos\/#respond\"]}]},{\"@type\":\"WebPage\",\"@id\":\"https:\/\/www.pagbrasil.com\/pt-br\/blog\/noticias\/forum-e-commerce-brasil-10-anos\/\",\"url\":\"https:\/\/www.pagbrasil.com\/pt-br\/blog\/noticias\/forum-e-commerce-brasil-10-anos\/\",\"name\":\"F\u00f3rum E-commerce Brasil: destaques do 10\u00ba anivers\u00e1rio do evento\",\"isPartOf\":{\"@id\":\"https:\/\/www.pagbrasil.com\/pt-br\/#website\"},\"primaryImageOfPage\":{\"@id\":\"https:\/\/www.pagbrasil.com\/pt-br\/blog\/noticias\/forum-e-commerce-brasil-10-anos\/#primaryimage\"},\"image\":{\"@id\":\"https:\/\/www.pagbrasil.com\/pt-br\/blog\/noticias\/forum-e-commerce-brasil-10-anos\/#primaryimage\"},\"thumbnailUrl\":\"https:\/\/www.pagbrasil.com\/wp-content\/uploads\/2019\/07\/4.jpeg\",\"datePublished\":\"2019-07-18T15:19:41+00:00\",\"dateModified\":\"2019-09-26T18:09:57+00:00\",\"description\":\"Este ano, o F\u00f3rum E-commerce Brasil celebrou 10 anos e a PagBrasil esteve l\u00e1. Confira os destaques do evento, que contou com mais de 16 mil visitantes.\",\"breadcrumb\":{\"@id\":\"https:\/\/www.pagbrasil.com\/pt-br\/blog\/noticias\/forum-e-commerce-brasil-10-anos\/#breadcrumb\"},\"inLanguage\":\"pt-BR\",\"potentialAction\":[{\"@type\":\"ReadAction\",\"target\":[\"https:\/\/www.pagbrasil.com\/pt-br\/blog\/noticias\/forum-e-commerce-brasil-10-anos\/\"]}]},{\"@type\":\"ImageObject\",\"inLanguage\":\"pt-BR\",\"@id\":\"https:\/\/www.pagbrasil.com\/pt-br\/blog\/noticias\/forum-e-commerce-brasil-10-anos\/#primaryimage\",\"url\":\"https:\/\/www.pagbrasil.com\/wp-content\/uploads\/2019\/07\/4.jpeg\",\"contentUrl\":\"https:\/\/www.pagbrasil.com\/wp-content\/uploads\/2019\/07\/4.jpeg\",\"width\":1000,\"height\":1000,\"caption\":\"F\u00f3rum E-commerce Brasil\"},{\"@type\":\"BreadcrumbList\",\"@id\":\"https:\/\/www.pagbrasil.com\/pt-br\/blog\/noticias\/forum-e-commerce-brasil-10-anos\/#breadcrumb\",\"itemListElement\":[{\"@type\":\"ListItem\",\"position\":1,\"name\":\"Home\",\"item\":\"https:\/\/www.pagbrasil.com\/pt-br\/\"},{\"@type\":\"ListItem\",\"position\":2,\"name\":\"Not\u00edcias\",\"item\":\"https:\/\/www.pagbrasil.com\/pt-br\/blog\/noticias\/\"},{\"@type\":\"ListItem\",\"position\":3,\"name\":\"F\u00f3rum E-commerce Brasil: destaques do 10\u00ba anivers\u00e1rio do evento\"}]},{\"@type\":\"WebSite\",\"@id\":\"https:\/\/www.pagbrasil.com\/pt-br\/#website\",\"url\":\"https:\/\/www.pagbrasil.com\/pt-br\/\",\"name\":\"PagBrasil\",\"description\":\"Processe seus pagamentos com PagBrasil, servi\u00e7o de pagamento online de excel\u00eancia para o Brasil, desenvolvido para empresas internacionais.\",\"publisher\":{\"@id\":\"https:\/\/www.pagbrasil.com\/pt-br\/#organization\"},\"potentialAction\":[{\"@type\":\"SearchAction\",\"target\":{\"@type\":\"EntryPoint\",\"urlTemplate\":\"https:\/\/www.pagbrasil.com\/pt-br\/?s={search_term_string}\"},\"query-input\":{\"@type\":\"PropertyValueSpecification\",\"valueRequired\":true,\"valueName\":\"search_term_string\"}}],\"inLanguage\":\"pt-BR\"},{\"@type\":\"Organization\",\"@id\":\"https:\/\/www.pagbrasil.com\/pt-br\/#organization\",\"name\":\"PagBrasil\",\"url\":\"https:\/\/www.pagbrasil.com\/pt-br\/\",\"logo\":{\"@type\":\"ImageObject\",\"inLanguage\":\"pt-BR\",\"@id\":\"https:\/\/www.pagbrasil.com\/pt-br\/#\/schema\/logo\/image\/\",\"url\":\"https:\/\/www.pagbrasil.com\/wp-content\/uploads\/2023\/03\/logo-PB-2.svg\",\"contentUrl\":\"https:\/\/www.pagbrasil.com\/wp-content\/uploads\/2023\/03\/logo-PB-2.svg\",\"width\":265,\"height\":64,\"caption\":\"PagBrasil\"},\"image\":{\"@id\":\"https:\/\/www.pagbrasil.com\/pt-br\/#\/schema\/logo\/image\/\"},\"sameAs\":[\"https:\/\/www.facebook.com\/pagbrasilpagamentos\",\"https:\/\/www.linkedin.com\/company\/pagbrasil-pagamentos-eletronicos-ltda\/\"]},{\"@type\":\"Person\",\"@id\":\"https:\/\/www.pagbrasil.com\/pt-br\/#\/schema\/person\/f1d63f5a18dd6b4c4d67fc7964faf9c4\",\"name\":\"Bianca Lopez\",\"image\":{\"@type\":\"ImageObject\",\"inLanguage\":\"pt-BR\",\"@id\":\"https:\/\/www.pagbrasil.com\/pt-br\/#\/schema\/person\/image\/\",\"url\":\"https:\/\/secure.gravatar.com\/avatar\/cab62df17d72f0b7796924e5d422973837f7a390cb4aa5f514397fdfb2b6189c?s=96&d=mm&r=g\",\"contentUrl\":\"https:\/\/secure.gravatar.com\/avatar\/cab62df17d72f0b7796924e5d422973837f7a390cb4aa5f514397fdfb2b6189c?s=96&d=mm&r=g\",\"caption\":\"Bianca Lopez\"},\"sameAs\":[\"https:\/\/x.com\/biancamvickers\"],\"url\":\"https:\/\/www.pagbrasil.com\/pt-br\/blog\/author\/bianca-lopez\/\"}]}<\/script>\n<!-- \/ Yoast SEO plugin. -->","yoast_head_json":{"title":"F\u00f3rum E-commerce Brasil: destaques do 10\u00ba anivers\u00e1rio do evento","description":"Este ano, o F\u00f3rum E-commerce Brasil celebrou 10 anos e a PagBrasil esteve l\u00e1. Confira os destaques do evento, que contou com mais de 16 mil visitantes.","robots":{"index":"index","follow":"follow","max-snippet":"max-snippet:-1","max-image-preview":"max-image-preview:large","max-video-preview":"max-video-preview:-1"},"canonical":"https:\/\/www.pagbrasil.com\/pt-br\/blog\/noticias\/forum-e-commerce-brasil-10-anos\/","og_locale":"pt_BR","og_type":"article","og_title":"F\u00f3rum E-commerce Brasil: destaques do 10\u00ba anivers\u00e1rio do evento","og_description":"Este ano, o F\u00f3rum E-commerce Brasil celebrou 10 anos e a PagBrasil esteve l\u00e1. Confira os destaques do evento, que contou com mais de 16 mil visitantes.","og_url":"https:\/\/www.pagbrasil.com\/pt-br\/blog\/noticias\/forum-e-commerce-brasil-10-anos\/","og_site_name":"PagBrasil","article_publisher":"https:\/\/www.facebook.com\/pagbrasilpagamentos","article_published_time":"2019-07-18T15:19:41+00:00","article_modified_time":"2019-09-26T18:09:57+00:00","og_image":[{"width":1000,"height":1000,"url":"https:\/\/www.pagbrasil.com\/wp-content\/uploads\/2019\/07\/4.jpeg","type":"image\/jpeg"}],"author":"Bianca Lopez","twitter_card":"summary_large_image","twitter_creator":"@biancamvickers","twitter_misc":{"Escrito por":"Bianca Lopez","Est. tempo de leitura":"1 minuto"},"schema":{"@context":"https:\/\/schema.org","@graph":[{"@type":"Article","@id":"https:\/\/www.pagbrasil.com\/pt-br\/blog\/noticias\/forum-e-commerce-brasil-10-anos\/#article","isPartOf":{"@id":"https:\/\/www.pagbrasil.com\/pt-br\/blog\/noticias\/forum-e-commerce-brasil-10-anos\/"},"author":{"name":"Bianca Lopez","@id":"https:\/\/www.pagbrasil.com\/pt-br\/#\/schema\/person\/f1d63f5a18dd6b4c4d67fc7964faf9c4"},"headline":"F\u00f3rum E-commerce Brasil: destaques do 10\u00ba anivers\u00e1rio do evento","datePublished":"2019-07-18T15:19:41+00:00","dateModified":"2019-09-26T18:09:57+00:00","mainEntityOfPage":{"@id":"https:\/\/www.pagbrasil.com\/pt-br\/blog\/noticias\/forum-e-commerce-brasil-10-anos\/"},"wordCount":287,"commentCount":0,"publisher":{"@id":"https:\/\/www.pagbrasil.com\/pt-br\/#organization"},"image":{"@id":"https:\/\/www.pagbrasil.com\/pt-br\/blog\/noticias\/forum-e-commerce-brasil-10-anos\/#primaryimage"},"thumbnailUrl":"https:\/\/www.pagbrasil.com\/wp-content\/uploads\/2019\/07\/4.jpeg","articleSection":["Not\u00edcias"],"inLanguage":"pt-BR","potentialAction":[{"@type":"CommentAction","name":"Comment","target":["https:\/\/www.pagbrasil.com\/pt-br\/blog\/noticias\/forum-e-commerce-brasil-10-anos\/#respond"]}]},{"@type":"WebPage","@id":"https:\/\/www.pagbrasil.com\/pt-br\/blog\/noticias\/forum-e-commerce-brasil-10-anos\/","url":"https:\/\/www.pagbrasil.com\/pt-br\/blog\/noticias\/forum-e-commerce-brasil-10-anos\/","name":"F\u00f3rum E-commerce Brasil: destaques do 10\u00ba anivers\u00e1rio do evento","isPartOf":{"@id":"https:\/\/www.pagbrasil.com\/pt-br\/#website"},"primaryImageOfPage":{"@id":"https:\/\/www.pagbrasil.com\/pt-br\/blog\/noticias\/forum-e-commerce-brasil-10-anos\/#primaryimage"},"image":{"@id":"https:\/\/www.pagbrasil.com\/pt-br\/blog\/noticias\/forum-e-commerce-brasil-10-anos\/#primaryimage"},"thumbnailUrl":"https:\/\/www.pagbrasil.com\/wp-content\/uploads\/2019\/07\/4.jpeg","datePublished":"2019-07-18T15:19:41+00:00","dateModified":"2019-09-26T18:09:57+00:00","description":"Este ano, o F\u00f3rum E-commerce Brasil celebrou 10 anos e a PagBrasil esteve l\u00e1. Confira os destaques do evento, que contou com mais de 16 mil visitantes.","breadcrumb":{"@id":"https:\/\/www.pagbrasil.com\/pt-br\/blog\/noticias\/forum-e-commerce-brasil-10-anos\/#breadcrumb"},"inLanguage":"pt-BR","potentialAction":[{"@type":"ReadAction","target":["https:\/\/www.pagbrasil.com\/pt-br\/blog\/noticias\/forum-e-commerce-brasil-10-anos\/"]}]},{"@type":"ImageObject","inLanguage":"pt-BR","@id":"https:\/\/www.pagbrasil.com\/pt-br\/blog\/noticias\/forum-e-commerce-brasil-10-anos\/#primaryimage","url":"https:\/\/www.pagbrasil.com\/wp-content\/uploads\/2019\/07\/4.jpeg","contentUrl":"https:\/\/www.pagbrasil.com\/wp-content\/uploads\/2019\/07\/4.jpeg","width":1000,"height":1000,"caption":"F\u00f3rum E-commerce Brasil"},{"@type":"BreadcrumbList","@id":"https:\/\/www.pagbrasil.com\/pt-br\/blog\/noticias\/forum-e-commerce-brasil-10-anos\/#breadcrumb","itemListElement":[{"@type":"ListItem","position":1,"name":"Home","item":"https:\/\/www.pagbrasil.com\/pt-br\/"},{"@type":"ListItem","position":2,"name":"Not\u00edcias","item":"https:\/\/www.pagbrasil.com\/pt-br\/blog\/noticias\/"},{"@type":"ListItem","position":3,"name":"F\u00f3rum E-commerce Brasil: destaques do 10\u00ba anivers\u00e1rio do evento"}]},{"@type":"WebSite","@id":"https:\/\/www.pagbrasil.com\/pt-br\/#website","url":"https:\/\/www.pagbrasil.com\/pt-br\/","name":"PagBrasil","description":"Processe seus pagamentos com PagBrasil, servi\u00e7o de pagamento online de excel\u00eancia para o Brasil, desenvolvido para empresas internacionais.","publisher":{"@id":"https:\/\/www.pagbrasil.com\/pt-br\/#organization"},"potentialAction":[{"@type":"SearchAction","target":{"@type":"EntryPoint","urlTemplate":"https:\/\/www.pagbrasil.com\/pt-br\/?s={search_term_string}"},"query-input":{"@type":"PropertyValueSpecification","valueRequired":true,"valueName":"search_term_string"}}],"inLanguage":"pt-BR"},{"@type":"Organization","@id":"https:\/\/www.pagbrasil.com\/pt-br\/#organization","name":"PagBrasil","url":"https:\/\/www.pagbrasil.com\/pt-br\/","logo":{"@type":"ImageObject","inLanguage":"pt-BR","@id":"https:\/\/www.pagbrasil.com\/pt-br\/#\/schema\/logo\/image\/","url":"https:\/\/www.pagbrasil.com\/wp-content\/uploads\/2023\/03\/logo-PB-2.svg","contentUrl":"https:\/\/www.pagbrasil.com\/wp-content\/uploads\/2023\/03\/logo-PB-2.svg","width":265,"height":64,"caption":"PagBrasil"},"image":{"@id":"https:\/\/www.pagbrasil.com\/pt-br\/#\/schema\/logo\/image\/"},"sameAs":["https:\/\/www.facebook.com\/pagbrasilpagamentos","https:\/\/www.linkedin.com\/company\/pagbrasil-pagamentos-eletronicos-ltda\/"]},{"@type":"Person","@id":"https:\/\/www.pagbrasil.com\/pt-br\/#\/schema\/person\/f1d63f5a18dd6b4c4d67fc7964faf9c4","name":"Bianca Lopez","image":{"@type":"ImageObject","inLanguage":"pt-BR","@id":"https:\/\/www.pagbrasil.com\/pt-br\/#\/schema\/person\/image\/","url":"https:\/\/secure.gravatar.com\/avatar\/cab62df17d72f0b7796924e5d422973837f7a390cb4aa5f514397fdfb2b6189c?s=96&d=mm&r=g","contentUrl":"https:\/\/secure.gravatar.com\/avatar\/cab62df17d72f0b7796924e5d422973837f7a390cb4aa5f514397fdfb2b6189c?s=96&d=mm&r=g","caption":"Bianca Lopez"},"sameAs":["https:\/\/x.com\/biancamvickers"],"url":"https:\/\/www.pagbrasil.com\/pt-br\/blog\/author\/bianca-lopez\/"}]}},"_links":{"self":[{"href":"https:\/\/www.pagbrasil.com\/pt-br\/wp-json\/wp\/v2\/posts\/49248","targetHints":{"allow":["GET"]}}],"collection":[{"href":"https:\/\/www.pagbrasil.com\/pt-br\/wp-json\/wp\/v2\/posts"}],"about":[{"href":"https:\/\/www.pagbrasil.com\/pt-br\/wp-json\/wp\/v2\/types\/post"}],"author":[{"embeddable":true,"href":"https:\/\/www.pagbrasil.com\/pt-br\/wp-json\/wp\/v2\/users\/8"}],"replies":[{"embeddable":true,"href":"https:\/\/www.pagbrasil.com\/pt-br\/wp-json\/wp\/v2\/comments?post=49248"}],"version-history":[{"count":9,"href":"https:\/\/www.pagbrasil.com\/pt-br\/wp-json\/wp\/v2\/posts\/49248\/revisions"}],"predecessor-version":[{"id":51442,"href":"https:\/\/www.pagbrasil.com\/pt-br\/wp-json\/wp\/v2\/posts\/49248\/revisions\/51442"}],"wp:featuredmedia":[{"embeddable":true,"href":"https:\/\/www.pagbrasil.com\/pt-br\/wp-json\/wp\/v2\/media\/49191"}],"wp:attachment":[{"href":"https:\/\/www.pagbrasil.com\/pt-br\/wp-json\/wp\/v2\/media?parent=49248"}],"wp:term":[{"taxonomy":"category","embeddable":true,"href":"https:\/\/www.pagbrasil.com\/pt-br\/wp-json\/wp\/v2\/categories?post=49248"},{"taxonomy":"post_tag","embeddable":true,"href":"https:\/\/www.pagbrasil.com\/pt-br\/wp-json\/wp\/v2\/tags?post=49248"}],"curies":[{"name":"wp","href":"https:\/\/api.w.org\/{rel}","templated":true}]}}