{"id":21238,"date":"2018-08-02T10:46:18","date_gmt":"2018-08-02T13:46:18","guid":{"rendered":"https:\/\/www.pagbrasil.com\/?p=21238"},"modified":"2023-08-01T14:41:15","modified_gmt":"2023-08-01T17:41:15","slug":"forum-e-commerce-brasil-pagbrasil","status":"publish","type":"post","link":"https:\/\/www.pagbrasil.com\/pt-br\/blog\/noticias\/forum-e-commerce-brasil-pagbrasil\/","title":{"rendered":"Nos vemos no F\u00f3rum E-commerce Brasil 2018!"},"content":{"rendered":"<p>Neste m\u00eas, entre os dias 14 e 16 de agosto, a PagBrasil marcar\u00e1 presen\u00e7a na 9\u00aa edi\u00e7\u00e3o do <a href=\"https:\/\/eventos.ecommercebrasil.com.br\/forum\/\" target=\"_blank\" rel=\"noopener noreferrer\">F\u00f3rum E-commerce Brasil<\/a>, o maior evento de e-commerce na Am\u00e9rica Latina e terceiro a n\u00edvel mundial, segundo dados da Forrester Research. Nesse per\u00edodo, mais de 13.000 congressistas devem passar pelo pavilh\u00e3o do Transamerica Expo Center, em S\u00e3o Paulo. O evento conta com uma programa\u00e7\u00e3o completa de palestras e atividades t\u00e9cnicas focadas em ajudar os varejistas a alavancarem seus neg\u00f3cios de e-commerce. Al\u00e9m disso, proporciona um ambiente ideal para troca de ideias, networking e gera\u00e7\u00e3o de neg\u00f3cios.<\/p>\n<p>A PagBrasil tamb\u00e9m tem o prazer de oferecer o momento do almo\u00e7o, organizado pelo evento para todos os participantes do F\u00f3rum e reconhecido pela aten\u00e7\u00e3o aos detalhes e excelente infraestrutura de catering. A atmosfera casual durante o almo\u00e7o cria um ambiente ideal para a realiza\u00e7\u00e3o de networking.<\/p>\n<p>&nbsp;<\/p>\n<h3 class=\"h3_default\"><strong>F\u00f3rum E-commerce Brasil: o evento<\/strong><\/h3>\n<p>As portas do pavilh\u00e3o estar\u00e3o abertas ao p\u00fablico nos dias 15 e 16 de agosto, com uma agenda completa de palestras e atividades das 8h \u00e0s 18:30h. Esta edi\u00e7\u00e3o do F\u00f3rum E-commerce Brasil contar\u00e1 com quatro audit\u00f3rios principais, cada um focado em uma \u00e1rea espec\u00edfica: vendas, tecnologia, pequenos neg\u00f3cios e gest\u00e3o. Representantes de empresas como Google, Coca-Cola, Facebook, Amazon, Cabify, Magazine Luiza, Grupo Netshoes, entre muitas outras, est\u00e3o listados entre os palestrantes do evento. O programa completo pode ser visualizado <a href=\"https:\/\/eventos.ecommercebrasil.com.br\/forum\/programacao\/\" target=\"_blank\" rel=\"noopener noreferrer\">aqui<\/a>, confira.<\/p>\n<p>Al\u00e9m disso, o evento conta com outras sete \u00e1reas de conte\u00fado nas quais nomes importantes da ind\u00fastria de e-commerce estar\u00e3o compartilhando seus conhecimentos com o p\u00fablico. A PagBrasil comandar\u00e1 um bate-papo no espa\u00e7o \u201cPalco solu\u00e7\u00f5es\u201d, no dia 16 de agosto, \u00e0s 11:10. Ralf Germer, CEO da empresa, apresentar\u00e1 o case do nosso exclusivo <a href=\"https:\/\/www.pagbrasil.com\/pt-br\/metodos-de-pagamento\/boleto-flash\/\" target=\"_blank\" rel=\"noopener noreferrer\">Boleto Flash<\/a><sup class=\"reg\">\u00ae<\/sup>, que nasceu como uma inova\u00e7\u00e3o ao sistema de boleto tradicional, ajudando lojistas a aumentarem suas convers\u00f5es de boleto e a receita do neg\u00f3cio. Confira a programa\u00e7\u00e3o completa para estas \u00e1reas <a href=\"https:\/\/eventos.ecommercebrasil.com.br\/forum\/programacao-complementar\/\" target=\"_blank\" rel=\"noopener noreferrer\">aqui<\/a>.<\/p>\n<p>&nbsp;<\/p>\n<h3><strong>A PagBrasil e o almo\u00e7o<\/strong><\/h3>\n<p>A PagBrasil estar\u00e1 localizada no <strong>estande B21<\/strong>. Se voc\u00ea precisa de ajuda com pagamentos online para seu e-commerce ou deseja conhecer mais sobre nossos inovadores produtos e solu\u00e7\u00f5es, n\u00e3o deixe de passar por l\u00e1 para conversarmos. Se preferir, entre em contato para agendarmos uma reuni\u00e3o.<\/p>\n<p>&nbsp;<\/p>\n<p class='content-img-wrap'><img loading=\"lazy\" decoding=\"async\" width=\"1448\" height=\"883\" class=\"aligncenter size-full wp-image-21230\" src=\"https:\/\/www.pagbrasil.com\/wp-content\/uploads\/2018\/08\/mapa.png\" alt=\"f\u00f3rum e-commerce brasil\" srcset=\"https:\/\/www.pagbrasil.com\/wp-content\/uploads\/2018\/08\/mapa.png 1448w, https:\/\/www.pagbrasil.com\/wp-content\/uploads\/2018\/08\/mapa-250x152.png 250w, https:\/\/www.pagbrasil.com\/wp-content\/uploads\/2018\/08\/mapa-768x468.png 768w, https:\/\/www.pagbrasil.com\/wp-content\/uploads\/2018\/08\/mapa-700x427.png 700w, https:\/\/www.pagbrasil.com\/wp-content\/uploads\/2018\/08\/mapa-120x73.png 120w\" sizes=\"auto, (max-width: 1448px) 100vw, 1448px\" \/><\/p>\n<p>&nbsp;<\/p>\n<p>Como comentado anteriormente, temos o prazer de oferecer o momento do almo\u00e7o no evento, que \u00e9 completamente gratuito para os congressistas e expositores. A comida ser\u00e1 servida por mais de 400 gar\u00e7ons que cobrir\u00e3o os 20.000m2 do pavilh\u00e3o. Desta forma, os visitantes podem concentrar-se em participar das palestras, visitar estandes ou agendar reuni\u00f5es e, ao mesmo tempo, desfrutar de uma refei\u00e7\u00e3o completa, sem a necessidade de ir para uma \u00e1rea espec\u00edfica e passar muito tempo em longas filas esperando para serem servidos.<\/p>\n<p>Al\u00e9m disso, estaremos fazendo um sorteio de dois smartphones <strong>Samsung Galaxy S9<\/strong> durante o evento. Para conhecer as regras de participa\u00e7\u00e3o, voc\u00ea deve passar em nosso estande B21, ou pegar seu cupom nas mesas de bebidas espalhadas pelo sal\u00e3o durante o almo\u00e7o.<\/p>\n<p>J\u00e1 realizou sua inscri\u00e7\u00e3o para o evento? N\u00e3o perca tempo, acesse este <a href=\"https:\/\/news.ecommercebrasil.com.br\/2018\/forum\/pagbrasil\" target=\"_blank\" rel=\"noopener noreferrer\">link<\/a> e garanta um <strong>desconto de 30%<\/strong> na compra.<\/p>\n<p>&nbsp;<\/p>\n","protected":false},"excerpt":{"rendered":"<p>Neste m\u00eas, entre os dias 14 e 16 de agosto, a PagBrasil marcar\u00e1 presen\u00e7a na 9\u00aa edi\u00e7\u00e3o do F\u00f3rum E-commerce [&#8230;]<\/p>\n","protected":false},"author":8,"featured_media":49347,"comment_status":"open","ping_status":"open","sticky":false,"template":"","format":"standard","meta":{"_acf_changed":false,"footnotes":""},"categories":[4],"tags":[],"class_list":["post-21238","post","type-post","status-publish","format-standard","has-post-thumbnail","hentry","category-noticias"],"acf":[],"yoast_head":"<!-- This site is optimized with the Yoast SEO plugin v25.7 - https:\/\/yoast.com\/wordpress\/plugins\/seo\/ -->\n<title>Nos vemos no F\u00f3rum E-commerce Brasil 2018! | PagBrasil<\/title>\n<meta name=\"description\" content=\"A PagBrasil marcar\u00e1 presen\u00e7a na 9\u00aa edi\u00e7\u00e3o do F\u00f3rum E-commerce Brasil, no Transamerica Expo Center, em S\u00e3o Paulo.\" \/>\n<meta name=\"robots\" content=\"index, follow, max-snippet:-1, max-image-preview:large, max-video-preview:-1\" \/>\n<link rel=\"canonical\" href=\"https:\/\/www.pagbrasil.com\/pt-br\/blog\/noticias\/forum-e-commerce-brasil-pagbrasil\/\" \/>\n<meta property=\"og:locale\" content=\"pt_BR\" \/>\n<meta property=\"og:type\" content=\"article\" \/>\n<meta property=\"og:title\" content=\"Nos vemos no F\u00f3rum E-commerce Brasil 2018! | PagBrasil\" \/>\n<meta property=\"og:description\" content=\"A PagBrasil marcar\u00e1 presen\u00e7a na 9\u00aa edi\u00e7\u00e3o do F\u00f3rum E-commerce Brasil, no Transamerica Expo Center, em S\u00e3o Paulo.\" \/>\n<meta property=\"og:url\" content=\"https:\/\/www.pagbrasil.com\/pt-br\/blog\/noticias\/forum-e-commerce-brasil-pagbrasil\/\" \/>\n<meta property=\"og:site_name\" content=\"PagBrasil\" \/>\n<meta property=\"article:publisher\" content=\"https:\/\/www.facebook.com\/pagbrasilpagamentos\" \/>\n<meta property=\"article:published_time\" content=\"2018-08-02T13:46:18+00:00\" \/>\n<meta property=\"article:modified_time\" content=\"2023-08-01T17:41:15+00:00\" \/>\n<meta property=\"og:image\" content=\"https:\/\/www.pagbrasil.com\/wp-content\/uploads\/2018\/08\/image-forum-ecommerce-2018-1024x916.png\" \/>\n\t<meta property=\"og:image:width\" content=\"1024\" \/>\n\t<meta property=\"og:image:height\" content=\"916\" \/>\n\t<meta property=\"og:image:type\" content=\"image\/png\" \/>\n<meta name=\"author\" content=\"Bianca Lopez\" \/>\n<meta name=\"twitter:card\" content=\"summary_large_image\" \/>\n<meta name=\"twitter:creator\" content=\"@biancamvickers\" \/>\n<meta name=\"twitter:label1\" content=\"Escrito por\" \/>\n\t<meta name=\"twitter:data1\" content=\"Bianca Lopez\" \/>\n\t<meta name=\"twitter:label2\" content=\"Est. tempo de leitura\" \/>\n\t<meta name=\"twitter:data2\" content=\"3 minutos\" \/>\n<script type=\"application\/ld+json\" class=\"yoast-schema-graph\">{\"@context\":\"https:\/\/schema.org\",\"@graph\":[{\"@type\":\"Article\",\"@id\":\"https:\/\/www.pagbrasil.com\/pt-br\/blog\/noticias\/forum-e-commerce-brasil-pagbrasil\/#article\",\"isPartOf\":{\"@id\":\"https:\/\/www.pagbrasil.com\/pt-br\/blog\/noticias\/forum-e-commerce-brasil-pagbrasil\/\"},\"author\":{\"name\":\"Bianca Lopez\",\"@id\":\"https:\/\/www.pagbrasil.com\/pt-br\/#\/schema\/person\/f1d63f5a18dd6b4c4d67fc7964faf9c4\"},\"headline\":\"Nos vemos no F\u00f3rum E-commerce Brasil 2018!\",\"datePublished\":\"2018-08-02T13:46:18+00:00\",\"dateModified\":\"2023-08-01T17:41:15+00:00\",\"mainEntityOfPage\":{\"@id\":\"https:\/\/www.pagbrasil.com\/pt-br\/blog\/noticias\/forum-e-commerce-brasil-pagbrasil\/\"},\"wordCount\":570,\"commentCount\":0,\"publisher\":{\"@id\":\"https:\/\/www.pagbrasil.com\/pt-br\/#organization\"},\"image\":{\"@id\":\"https:\/\/www.pagbrasil.com\/pt-br\/blog\/noticias\/forum-e-commerce-brasil-pagbrasil\/#primaryimage\"},\"thumbnailUrl\":\"https:\/\/www.pagbrasil.com\/wp-content\/uploads\/2018\/08\/image-forum-ecommerce-2018.png\",\"articleSection\":[\"Not\u00edcias\"],\"inLanguage\":\"pt-BR\",\"potentialAction\":[{\"@type\":\"CommentAction\",\"name\":\"Comment\",\"target\":[\"https:\/\/www.pagbrasil.com\/pt-br\/blog\/noticias\/forum-e-commerce-brasil-pagbrasil\/#respond\"]}]},{\"@type\":\"WebPage\",\"@id\":\"https:\/\/www.pagbrasil.com\/pt-br\/blog\/noticias\/forum-e-commerce-brasil-pagbrasil\/\",\"url\":\"https:\/\/www.pagbrasil.com\/pt-br\/blog\/noticias\/forum-e-commerce-brasil-pagbrasil\/\",\"name\":\"Nos vemos no F\u00f3rum E-commerce Brasil 2018! | PagBrasil\",\"isPartOf\":{\"@id\":\"https:\/\/www.pagbrasil.com\/pt-br\/#website\"},\"primaryImageOfPage\":{\"@id\":\"https:\/\/www.pagbrasil.com\/pt-br\/blog\/noticias\/forum-e-commerce-brasil-pagbrasil\/#primaryimage\"},\"image\":{\"@id\":\"https:\/\/www.pagbrasil.com\/pt-br\/blog\/noticias\/forum-e-commerce-brasil-pagbrasil\/#primaryimage\"},\"thumbnailUrl\":\"https:\/\/www.pagbrasil.com\/wp-content\/uploads\/2018\/08\/image-forum-ecommerce-2018.png\",\"datePublished\":\"2018-08-02T13:46:18+00:00\",\"dateModified\":\"2023-08-01T17:41:15+00:00\",\"description\":\"A PagBrasil marcar\u00e1 presen\u00e7a na 9\u00aa edi\u00e7\u00e3o do F\u00f3rum E-commerce Brasil, no Transamerica Expo Center, em S\u00e3o Paulo.\",\"breadcrumb\":{\"@id\":\"https:\/\/www.pagbrasil.com\/pt-br\/blog\/noticias\/forum-e-commerce-brasil-pagbrasil\/#breadcrumb\"},\"inLanguage\":\"pt-BR\",\"potentialAction\":[{\"@type\":\"ReadAction\",\"target\":[\"https:\/\/www.pagbrasil.com\/pt-br\/blog\/noticias\/forum-e-commerce-brasil-pagbrasil\/\"]}]},{\"@type\":\"ImageObject\",\"inLanguage\":\"pt-BR\",\"@id\":\"https:\/\/www.pagbrasil.com\/pt-br\/blog\/noticias\/forum-e-commerce-brasil-pagbrasil\/#primaryimage\",\"url\":\"https:\/\/www.pagbrasil.com\/wp-content\/uploads\/2018\/08\/image-forum-ecommerce-2018.png\",\"contentUrl\":\"https:\/\/www.pagbrasil.com\/wp-content\/uploads\/2018\/08\/image-forum-ecommerce-2018.png\",\"width\":1900,\"height\":1700},{\"@type\":\"BreadcrumbList\",\"@id\":\"https:\/\/www.pagbrasil.com\/pt-br\/blog\/noticias\/forum-e-commerce-brasil-pagbrasil\/#breadcrumb\",\"itemListElement\":[{\"@type\":\"ListItem\",\"position\":1,\"name\":\"Home\",\"item\":\"https:\/\/www.pagbrasil.com\/pt-br\/\"},{\"@type\":\"ListItem\",\"position\":2,\"name\":\"Not\u00edcias\",\"item\":\"https:\/\/www.pagbrasil.com\/pt-br\/blog\/noticias\/\"},{\"@type\":\"ListItem\",\"position\":3,\"name\":\"Nos vemos no F\u00f3rum E-commerce Brasil 2018!\"}]},{\"@type\":\"WebSite\",\"@id\":\"https:\/\/www.pagbrasil.com\/pt-br\/#website\",\"url\":\"https:\/\/www.pagbrasil.com\/pt-br\/\",\"name\":\"PagBrasil\",\"description\":\"Processe seus pagamentos com PagBrasil, servi\u00e7o de pagamento online de excel\u00eancia para o Brasil, desenvolvido para empresas internacionais.\",\"publisher\":{\"@id\":\"https:\/\/www.pagbrasil.com\/pt-br\/#organization\"},\"potentialAction\":[{\"@type\":\"SearchAction\",\"target\":{\"@type\":\"EntryPoint\",\"urlTemplate\":\"https:\/\/www.pagbrasil.com\/pt-br\/?s={search_term_string}\"},\"query-input\":{\"@type\":\"PropertyValueSpecification\",\"valueRequired\":true,\"valueName\":\"search_term_string\"}}],\"inLanguage\":\"pt-BR\"},{\"@type\":\"Organization\",\"@id\":\"https:\/\/www.pagbrasil.com\/pt-br\/#organization\",\"name\":\"PagBrasil\",\"url\":\"https:\/\/www.pagbrasil.com\/pt-br\/\",\"logo\":{\"@type\":\"ImageObject\",\"inLanguage\":\"pt-BR\",\"@id\":\"https:\/\/www.pagbrasil.com\/pt-br\/#\/schema\/logo\/image\/\",\"url\":\"https:\/\/www.pagbrasil.com\/wp-content\/uploads\/2023\/03\/logo-PB-2.svg\",\"contentUrl\":\"https:\/\/www.pagbrasil.com\/wp-content\/uploads\/2023\/03\/logo-PB-2.svg\",\"width\":265,\"height\":64,\"caption\":\"PagBrasil\"},\"image\":{\"@id\":\"https:\/\/www.pagbrasil.com\/pt-br\/#\/schema\/logo\/image\/\"},\"sameAs\":[\"https:\/\/www.facebook.com\/pagbrasilpagamentos\",\"https:\/\/www.linkedin.com\/company\/pagbrasil-pagamentos-eletronicos-ltda\/\"]},{\"@type\":\"Person\",\"@id\":\"https:\/\/www.pagbrasil.com\/pt-br\/#\/schema\/person\/f1d63f5a18dd6b4c4d67fc7964faf9c4\",\"name\":\"Bianca Lopez\",\"image\":{\"@type\":\"ImageObject\",\"inLanguage\":\"pt-BR\",\"@id\":\"https:\/\/www.pagbrasil.com\/pt-br\/#\/schema\/person\/image\/\",\"url\":\"https:\/\/secure.gravatar.com\/avatar\/cab62df17d72f0b7796924e5d422973837f7a390cb4aa5f514397fdfb2b6189c?s=96&d=mm&r=g\",\"contentUrl\":\"https:\/\/secure.gravatar.com\/avatar\/cab62df17d72f0b7796924e5d422973837f7a390cb4aa5f514397fdfb2b6189c?s=96&d=mm&r=g\",\"caption\":\"Bianca Lopez\"},\"sameAs\":[\"https:\/\/x.com\/biancamvickers\"],\"url\":\"https:\/\/www.pagbrasil.com\/pt-br\/blog\/author\/bianca-lopez\/\"}]}<\/script>\n<!-- \/ Yoast SEO plugin. -->","yoast_head_json":{"title":"Nos vemos no F\u00f3rum E-commerce Brasil 2018! | PagBrasil","description":"A PagBrasil marcar\u00e1 presen\u00e7a na 9\u00aa edi\u00e7\u00e3o do F\u00f3rum E-commerce Brasil, no Transamerica Expo Center, em S\u00e3o Paulo.","robots":{"index":"index","follow":"follow","max-snippet":"max-snippet:-1","max-image-preview":"max-image-preview:large","max-video-preview":"max-video-preview:-1"},"canonical":"https:\/\/www.pagbrasil.com\/pt-br\/blog\/noticias\/forum-e-commerce-brasil-pagbrasil\/","og_locale":"pt_BR","og_type":"article","og_title":"Nos vemos no F\u00f3rum E-commerce Brasil 2018! | PagBrasil","og_description":"A PagBrasil marcar\u00e1 presen\u00e7a na 9\u00aa edi\u00e7\u00e3o do F\u00f3rum E-commerce Brasil, no Transamerica Expo Center, em S\u00e3o Paulo.","og_url":"https:\/\/www.pagbrasil.com\/pt-br\/blog\/noticias\/forum-e-commerce-brasil-pagbrasil\/","og_site_name":"PagBrasil","article_publisher":"https:\/\/www.facebook.com\/pagbrasilpagamentos","article_published_time":"2018-08-02T13:46:18+00:00","article_modified_time":"2023-08-01T17:41:15+00:00","og_image":[{"width":1024,"height":916,"url":"https:\/\/www.pagbrasil.com\/wp-content\/uploads\/2018\/08\/image-forum-ecommerce-2018-1024x916.png","type":"image\/png"}],"author":"Bianca Lopez","twitter_card":"summary_large_image","twitter_creator":"@biancamvickers","twitter_misc":{"Escrito por":"Bianca Lopez","Est. tempo de leitura":"3 minutos"},"schema":{"@context":"https:\/\/schema.org","@graph":[{"@type":"Article","@id":"https:\/\/www.pagbrasil.com\/pt-br\/blog\/noticias\/forum-e-commerce-brasil-pagbrasil\/#article","isPartOf":{"@id":"https:\/\/www.pagbrasil.com\/pt-br\/blog\/noticias\/forum-e-commerce-brasil-pagbrasil\/"},"author":{"name":"Bianca Lopez","@id":"https:\/\/www.pagbrasil.com\/pt-br\/#\/schema\/person\/f1d63f5a18dd6b4c4d67fc7964faf9c4"},"headline":"Nos vemos no F\u00f3rum E-commerce Brasil 2018!","datePublished":"2018-08-02T13:46:18+00:00","dateModified":"2023-08-01T17:41:15+00:00","mainEntityOfPage":{"@id":"https:\/\/www.pagbrasil.com\/pt-br\/blog\/noticias\/forum-e-commerce-brasil-pagbrasil\/"},"wordCount":570,"commentCount":0,"publisher":{"@id":"https:\/\/www.pagbrasil.com\/pt-br\/#organization"},"image":{"@id":"https:\/\/www.pagbrasil.com\/pt-br\/blog\/noticias\/forum-e-commerce-brasil-pagbrasil\/#primaryimage"},"thumbnailUrl":"https:\/\/www.pagbrasil.com\/wp-content\/uploads\/2018\/08\/image-forum-ecommerce-2018.png","articleSection":["Not\u00edcias"],"inLanguage":"pt-BR","potentialAction":[{"@type":"CommentAction","name":"Comment","target":["https:\/\/www.pagbrasil.com\/pt-br\/blog\/noticias\/forum-e-commerce-brasil-pagbrasil\/#respond"]}]},{"@type":"WebPage","@id":"https:\/\/www.pagbrasil.com\/pt-br\/blog\/noticias\/forum-e-commerce-brasil-pagbrasil\/","url":"https:\/\/www.pagbrasil.com\/pt-br\/blog\/noticias\/forum-e-commerce-brasil-pagbrasil\/","name":"Nos vemos no F\u00f3rum E-commerce Brasil 2018! | PagBrasil","isPartOf":{"@id":"https:\/\/www.pagbrasil.com\/pt-br\/#website"},"primaryImageOfPage":{"@id":"https:\/\/www.pagbrasil.com\/pt-br\/blog\/noticias\/forum-e-commerce-brasil-pagbrasil\/#primaryimage"},"image":{"@id":"https:\/\/www.pagbrasil.com\/pt-br\/blog\/noticias\/forum-e-commerce-brasil-pagbrasil\/#primaryimage"},"thumbnailUrl":"https:\/\/www.pagbrasil.com\/wp-content\/uploads\/2018\/08\/image-forum-ecommerce-2018.png","datePublished":"2018-08-02T13:46:18+00:00","dateModified":"2023-08-01T17:41:15+00:00","description":"A PagBrasil marcar\u00e1 presen\u00e7a na 9\u00aa edi\u00e7\u00e3o do F\u00f3rum E-commerce Brasil, no Transamerica Expo Center, em S\u00e3o Paulo.","breadcrumb":{"@id":"https:\/\/www.pagbrasil.com\/pt-br\/blog\/noticias\/forum-e-commerce-brasil-pagbrasil\/#breadcrumb"},"inLanguage":"pt-BR","potentialAction":[{"@type":"ReadAction","target":["https:\/\/www.pagbrasil.com\/pt-br\/blog\/noticias\/forum-e-commerce-brasil-pagbrasil\/"]}]},{"@type":"ImageObject","inLanguage":"pt-BR","@id":"https:\/\/www.pagbrasil.com\/pt-br\/blog\/noticias\/forum-e-commerce-brasil-pagbrasil\/#primaryimage","url":"https:\/\/www.pagbrasil.com\/wp-content\/uploads\/2018\/08\/image-forum-ecommerce-2018.png","contentUrl":"https:\/\/www.pagbrasil.com\/wp-content\/uploads\/2018\/08\/image-forum-ecommerce-2018.png","width":1900,"height":1700},{"@type":"BreadcrumbList","@id":"https:\/\/www.pagbrasil.com\/pt-br\/blog\/noticias\/forum-e-commerce-brasil-pagbrasil\/#breadcrumb","itemListElement":[{"@type":"ListItem","position":1,"name":"Home","item":"https:\/\/www.pagbrasil.com\/pt-br\/"},{"@type":"ListItem","position":2,"name":"Not\u00edcias","item":"https:\/\/www.pagbrasil.com\/pt-br\/blog\/noticias\/"},{"@type":"ListItem","position":3,"name":"Nos vemos no F\u00f3rum E-commerce Brasil 2018!"}]},{"@type":"WebSite","@id":"https:\/\/www.pagbrasil.com\/pt-br\/#website","url":"https:\/\/www.pagbrasil.com\/pt-br\/","name":"PagBrasil","description":"Processe seus pagamentos com PagBrasil, servi\u00e7o de pagamento online de excel\u00eancia para o Brasil, desenvolvido para empresas internacionais.","publisher":{"@id":"https:\/\/www.pagbrasil.com\/pt-br\/#organization"},"potentialAction":[{"@type":"SearchAction","target":{"@type":"EntryPoint","urlTemplate":"https:\/\/www.pagbrasil.com\/pt-br\/?s={search_term_string}"},"query-input":{"@type":"PropertyValueSpecification","valueRequired":true,"valueName":"search_term_string"}}],"inLanguage":"pt-BR"},{"@type":"Organization","@id":"https:\/\/www.pagbrasil.com\/pt-br\/#organization","name":"PagBrasil","url":"https:\/\/www.pagbrasil.com\/pt-br\/","logo":{"@type":"ImageObject","inLanguage":"pt-BR","@id":"https:\/\/www.pagbrasil.com\/pt-br\/#\/schema\/logo\/image\/","url":"https:\/\/www.pagbrasil.com\/wp-content\/uploads\/2023\/03\/logo-PB-2.svg","contentUrl":"https:\/\/www.pagbrasil.com\/wp-content\/uploads\/2023\/03\/logo-PB-2.svg","width":265,"height":64,"caption":"PagBrasil"},"image":{"@id":"https:\/\/www.pagbrasil.com\/pt-br\/#\/schema\/logo\/image\/"},"sameAs":["https:\/\/www.facebook.com\/pagbrasilpagamentos","https:\/\/www.linkedin.com\/company\/pagbrasil-pagamentos-eletronicos-ltda\/"]},{"@type":"Person","@id":"https:\/\/www.pagbrasil.com\/pt-br\/#\/schema\/person\/f1d63f5a18dd6b4c4d67fc7964faf9c4","name":"Bianca Lopez","image":{"@type":"ImageObject","inLanguage":"pt-BR","@id":"https:\/\/www.pagbrasil.com\/pt-br\/#\/schema\/person\/image\/","url":"https:\/\/secure.gravatar.com\/avatar\/cab62df17d72f0b7796924e5d422973837f7a390cb4aa5f514397fdfb2b6189c?s=96&d=mm&r=g","contentUrl":"https:\/\/secure.gravatar.com\/avatar\/cab62df17d72f0b7796924e5d422973837f7a390cb4aa5f514397fdfb2b6189c?s=96&d=mm&r=g","caption":"Bianca Lopez"},"sameAs":["https:\/\/x.com\/biancamvickers"],"url":"https:\/\/www.pagbrasil.com\/pt-br\/blog\/author\/bianca-lopez\/"}]}},"_links":{"self":[{"href":"https:\/\/www.pagbrasil.com\/pt-br\/wp-json\/wp\/v2\/posts\/21238","targetHints":{"allow":["GET"]}}],"collection":[{"href":"https:\/\/www.pagbrasil.com\/pt-br\/wp-json\/wp\/v2\/posts"}],"about":[{"href":"https:\/\/www.pagbrasil.com\/pt-br\/wp-json\/wp\/v2\/types\/post"}],"author":[{"embeddable":true,"href":"https:\/\/www.pagbrasil.com\/pt-br\/wp-json\/wp\/v2\/users\/8"}],"replies":[{"embeddable":true,"href":"https:\/\/www.pagbrasil.com\/pt-br\/wp-json\/wp\/v2\/comments?post=21238"}],"version-history":[{"count":9,"href":"https:\/\/www.pagbrasil.com\/pt-br\/wp-json\/wp\/v2\/posts\/21238\/revisions"}],"predecessor-version":[{"id":51741,"href":"https:\/\/www.pagbrasil.com\/pt-br\/wp-json\/wp\/v2\/posts\/21238\/revisions\/51741"}],"wp:featuredmedia":[{"embeddable":true,"href":"https:\/\/www.pagbrasil.com\/pt-br\/wp-json\/wp\/v2\/media\/49347"}],"wp:attachment":[{"href":"https:\/\/www.pagbrasil.com\/pt-br\/wp-json\/wp\/v2\/media?parent=21238"}],"wp:term":[{"taxonomy":"category","embeddable":true,"href":"https:\/\/www.pagbrasil.com\/pt-br\/wp-json\/wp\/v2\/categories?post=21238"},{"taxonomy":"post_tag","embeddable":true,"href":"https:\/\/www.pagbrasil.com\/pt-br\/wp-json\/wp\/v2\/tags?post=21238"}],"curies":[{"name":"wp","href":"https:\/\/api.w.org\/{rel}","templated":true}]}}